{"id":15997,"date":"2023-08-01T09:14:00","date_gmt":"2023-08-01T08:14:00","guid":{"rendered":"https:\/\/www.biblioteka-sepolno.pl\/?p=15997"},"modified":"2023-08-01T09:14:00","modified_gmt":"2023-08-01T08:14:00","slug":"dni-sepolna-krajenskiego","status":"publish","type":"post","link":"https:\/\/www.biblioteka-sepolno.pl\/en\/news\/dni-sepolna-krajenskiego","title":{"rendered":"Dni S\u0119p\u00f3lna Kraje\u0144skiego"},"content":{"rendered":"<p>Burmistrz S\u0119p\u00f3lna Kraje\u0144skiego zaprasza na Dni S\u0119p\u00f3lna Kraje\u0144skiego 2023<\/p>\n\n\n\n<p><\/p>\n\n\n\n<p><strong>Pi\u0105tek 04.08.2023<\/strong><br>godz. 10:00 &#8211; Uroczyste otwarcie Skateparku w S\u0119p\u00f3lnie Kraje\u0144skim &#8211; Plac Przyja\u017ani<\/p>\n\n\n\n<p><strong>Sobota 05.08.2023<\/strong><br>godz. 11:00 &#8211; &#8222;Moja poczt\u00f3wka z wakacji w Gminie S\u0119p\u00f3lno Kraje\u0144skie&#8221; &#8211; warsztaty komputerowe<\/p>\n\n\n\n<ul class=\"wp-block-list\"><li>Gminne Centrum Informacji<\/li><\/ul>\n\n\n\n<p><strong>Niedziela 06.08.2023<\/strong><br>godz. 18:00 \u2013 Koncert zespo\u0142u Entfloria \u2013 molo s\u0119pole\u0144skie<br>godz. 19:00 \u2013 Koncert Bartasa Szymoniaka \u2013 molo s\u0119pole\u0144skie<\/p>\n\n\n\n<p><strong>Poniedzia\u0142ek 07.08.2023<\/strong><br>godz. 16:00 &#8211; Wielki Test z Historii S\u0119p\u00f3lna Kraje\u0144skiego &#8211; Biblioteka Publiczna im. J. Iwaszkiewicza<\/p>\n\n\n\n<p><strong>Wtorek 08.08.2023<\/strong><br>godz. 16:00 \u2013 \u201eMuzyczne zoo&#8221; spektakl w wykonaniu Teatru Katarynka &#8211; molo s\u0119pole\u0144skie<\/p>\n\n\n\n<p><strong>\u015aroda 09.08.2023<\/strong><br>godz. 11:00 \u2013 \u015aniadanie na trawie \u2013 W smerfowej krainie \u2013 Plac Przyja\u017ani<br>godz. 16:00 &#8211; Wernisa\u017c wystawy &#8222;Ksi\u0105\u017cka \u017cyje naprawd\u0119&#8221; &#8211; Biblioteka Publiczna im. J. Iwaszkiewicza<br>godz. 16:00 \u2013 Rozstrzygni\u0119cie konkurs\u00f3w plastycznych pt. \u201eW poszukiwaniu Kr\u00f3lowej Bajki&#8221; oraz<br>\u201eKr\u00f3lestwo ba\u015bni i legend polskich&#8221;. Wystawa pokonkursowa &#8211; Biblioteka Publiczna im. J.<br>Iwaszkiewicza<\/p>\n\n\n\n<p><strong>Czwartek 10.08.2023<\/strong><br>godz. 12:00 &#8211; Kultura smacznego &#8211; Przestrze\u0144 miejska w S\u0119p\u00f3lnie Kraje\u0144skim<br>godz. 17:00 &#8211; Promocja pierwszego numeru czasopisma: Ma\u0142a Ojczyzna. Rocznik Mi\u0142o\u015bnik\u00f3w Gminy<br>S\u0119p\u00f3lno &#8211; Biblioteka Publiczna im. J. Iwaszkiewicza<\/p>\n\n\n\n<p><strong>Pi\u0105tek 11.08.2023<\/strong><\/p>\n\n\n\n<p>godz. 18:00 \u2013 Widowisko plenerowe \u201ePodr\u00f3\u017c dooko\u0142a \u015bwiata\u201d \u2013 Plac Wolno\u015bci<br>godz. 21:00 \u2013 Widowisko plenerowe \u201eCzas wilka\u201d \u2013 Plac Wolno\u015bci<\/p>\n\n\n\n<p><strong>Sobota 12.08.2023<\/strong><br>godz. 10:00 &#8211; Regaty \u015aw. Wawrzy\u0144ca o Puchar Burmistrza S\u0119p\u00f3lna Kraje\u0144skiego &#8211; Jezioro S\u0119pole\u0144skie<br>godz. 10:00 &#8211; Otwarty Turniej w Bule &#8211; Dublety z Okazji Obchod\u00f3w Dni S\u0119p\u00f3lna Kraje\u0144skiego &#8211; CSiR,<br>Bulodrom<br>godz. 13:00 \u2013 Rodzinne przeja\u017cd\u017cki z TKKF \u2013 przysta\u0144 TKKF Jezioro S\u0119pole\u0144skie<br>godz. 20:00 \u2013 Dyskoteka pod gwiazdami \u2013 Bitwa DJ-\u00f3w \u2013 muszla koncertowa<\/p>\n\n\n\n<p><strong>Niedziela 13.08.2023<\/strong><br>godz. 10:00 &#8211; Regaty \u015aw. Wawrzy\u0144ca o Puchar Burmistrza S\u0119p\u00f3lna Kraje\u0144skiego<br>oraz Prezesa MLKS Krajna \u2013 Jezioro S\u0119pole\u0144skie<br>godz. 10:00 &#8211; Bazarek PRLu &#8211; Pomorskie Okr\u0119gowe Muzeum PRL<br>godz. 15:30 &#8211; Piknik Rodzinno-Sportowy z okazji 85-lecia MLKS Krajna \u2013 stadion miejski<br>godz. 21:00 \u2013 Gwiazda wieczoru &#8211; KOMBI \u0141osowski \u2013 Koncert \u201eZaczarowane miasto\u201d- pokaz laserowy &#8211;<br>stadion miejski<\/p>\n\n\n\n<p>Materia\u0142y CKiS w S\u0119p\u00f3lnie Kraje\u0144skim<\/p>\n\n\n\n<figure class=\"wp-block-gallery has-nested-images columns-default is-cropped wp-block-gallery-1 is-layout-flex wp-block-gallery-is-layout-flex\">\n<figure class=\"wp-block-image size-large\"><img loading=\"lazy\" decoding=\"async\" width=\"724\" height=\"1024\" data-id=\"15998\" src=\"https:\/\/www.biblioteka-sepolno.pl\/wp-content\/uploads\/2023\/08\/13.08-KOMBI-LOSOWSKI-724x1024.jpg\" alt=\"\" class=\"wp-image-15998\" srcset=\"https:\/\/www.biblioteka-sepolno.pl\/wp-content\/uploads\/2023\/08\/13.08-KOMBI-LOSOWSKI-724x1024.jpg 724w, https:\/\/www.biblioteka-sepolno.pl\/wp-content\/uploads\/2023\/08\/13.08-KOMBI-LOSOWSKI-212x300.jpg 212w, https:\/\/www.biblioteka-sepolno.pl\/wp-content\/uploads\/2023\/08\/13.08-KOMBI-LOSOWSKI-768x1086.jpg 768w, https:\/\/www.biblioteka-sepolno.pl\/wp-content\/uploads\/2023\/08\/13.08-KOMBI-LOSOWSKI-1086x1536.jpg 1086w, https:\/\/www.biblioteka-sepolno.pl\/wp-content\/uploads\/2023\/08\/13.08-KOMBI-LOSOWSKI-1448x2048.jpg 1448w, https:\/\/www.biblioteka-sepolno.pl\/wp-content\/uploads\/2023\/08\/13.08-KOMBI-LOSOWSKI-8x12.jpg 8w, https:\/\/www.biblioteka-sepolno.pl\/wp-content\/uploads\/2023\/08\/13.08-KOMBI-LOSOWSKI.jpg 1587w\" sizes=\"auto, (max-width: 724px) 100vw, 724px\" \/><\/figure>\n\n\n\n<figure class=\"wp-block-image size-large\"><img loading=\"lazy\" decoding=\"async\" width=\"724\" height=\"1024\" data-id=\"15999\" src=\"https:\/\/www.biblioteka-sepolno.pl\/wp-content\/uploads\/2023\/08\/12.08-Rodzinne-Przejazdzki-z-TKKF-2-724x1024.jpg\" alt=\"\" class=\"wp-image-15999\" srcset=\"https:\/\/www.biblioteka-sepolno.pl\/wp-content\/uploads\/2023\/08\/12.08-Rodzinne-Przejazdzki-z-TKKF-2-724x1024.jpg 724w, https:\/\/www.biblioteka-sepolno.pl\/wp-content\/uploads\/2023\/08\/12.08-Rodzinne-Przejazdzki-z-TKKF-2-212x300.jpg 212w, https:\/\/www.biblioteka-sepolno.pl\/wp-content\/uploads\/2023\/08\/12.08-Rodzinne-Przejazdzki-z-TKKF-2-768x1086.jpg 768w, https:\/\/www.biblioteka-sepolno.pl\/wp-content\/uploads\/2023\/08\/12.08-Rodzinne-Przejazdzki-z-TKKF-2-1086x1536.jpg 1086w, https:\/\/www.biblioteka-sepolno.pl\/wp-content\/uploads\/2023\/08\/12.08-Rodzinne-Przejazdzki-z-TKKF-2-8x12.jpg 8w, https:\/\/www.biblioteka-sepolno.pl\/wp-content\/uploads\/2023\/08\/12.08-Rodzinne-Przejazdzki-z-TKKF-2.jpg 1414w\" sizes=\"auto, (max-width: 724px) 100vw, 724px\" \/><\/figure>\n\n\n\n<figure class=\"wp-block-image size-large\"><img loading=\"lazy\" decoding=\"async\" width=\"724\" height=\"1024\" data-id=\"16010\" src=\"https:\/\/www.biblioteka-sepolno.pl\/wp-content\/uploads\/2023\/08\/12.08-bitwa-dj-ow-724x1024.png\" alt=\"\" class=\"wp-image-16010\" srcset=\"https:\/\/www.biblioteka-sepolno.pl\/wp-content\/uploads\/2023\/08\/12.08-bitwa-dj-ow-724x1024.png 724w, https:\/\/www.biblioteka-sepolno.pl\/wp-content\/uploads\/2023\/08\/12.08-bitwa-dj-ow-212x300.png 212w, https:\/\/www.biblioteka-sepolno.pl\/wp-content\/uploads\/2023\/08\/12.08-bitwa-dj-ow-768x1086.png 768w, https:\/\/www.biblioteka-sepolno.pl\/wp-content\/uploads\/2023\/08\/12.08-bitwa-dj-ow-1086x1536.png 1086w, https:\/\/www.biblioteka-sepolno.pl\/wp-content\/uploads\/2023\/08\/12.08-bitwa-dj-ow-1448x2048.png 1448w, https:\/\/www.biblioteka-sepolno.pl\/wp-content\/uploads\/2023\/08\/12.08-bitwa-dj-ow-8x12.png 8w, https:\/\/www.biblioteka-sepolno.pl\/wp-content\/uploads\/2023\/08\/12.08-bitwa-dj-ow.png 1587w\" sizes=\"auto, (max-width: 724px) 100vw, 724px\" \/><\/figure>\n\n\n\n<figure class=\"wp-block-image size-large\"><img loading=\"lazy\" decoding=\"async\" width=\"724\" height=\"1024\" data-id=\"16000\" src=\"https:\/\/www.biblioteka-sepolno.pl\/wp-content\/uploads\/2023\/08\/11.08-Podroze-dookola-swiata--724x1024.jpg\" alt=\"\" class=\"wp-image-16000\" srcset=\"https:\/\/www.biblioteka-sepolno.pl\/wp-content\/uploads\/2023\/08\/11.08-Podroze-dookola-swiata--724x1024.jpg 724w, https:\/\/www.biblioteka-sepolno.pl\/wp-content\/uploads\/2023\/08\/11.08-Podroze-dookola-swiata--212x300.jpg 212w, https:\/\/www.biblioteka-sepolno.pl\/wp-content\/uploads\/2023\/08\/11.08-Podroze-dookola-swiata--768x1086.jpg 768w, https:\/\/www.biblioteka-sepolno.pl\/wp-content\/uploads\/2023\/08\/11.08-Podroze-dookola-swiata--1086x1536.jpg 1086w, https:\/\/www.biblioteka-sepolno.pl\/wp-content\/uploads\/2023\/08\/11.08-Podroze-dookola-swiata--8x12.jpg 8w, https:\/\/www.biblioteka-sepolno.pl\/wp-content\/uploads\/2023\/08\/11.08-Podroze-dookola-swiata-.jpg 1414w\" sizes=\"auto, (max-width: 724px) 100vw, 724px\" \/><\/figure>\n\n\n\n<figure class=\"wp-block-image size-large\"><img loading=\"lazy\" decoding=\"async\" width=\"724\" height=\"1024\" data-id=\"16001\" src=\"https:\/\/www.biblioteka-sepolno.pl\/wp-content\/uploads\/2023\/08\/11.08-Czas-wilka--724x1024.jpg\" alt=\"\" class=\"wp-image-16001\" srcset=\"https:\/\/www.biblioteka-sepolno.pl\/wp-content\/uploads\/2023\/08\/11.08-Czas-wilka--724x1024.jpg 724w, https:\/\/www.biblioteka-sepolno.pl\/wp-content\/uploads\/2023\/08\/11.08-Czas-wilka--212x300.jpg 212w, https:\/\/www.biblioteka-sepolno.pl\/wp-content\/uploads\/2023\/08\/11.08-Czas-wilka--768x1086.jpg 768w, https:\/\/www.biblioteka-sepolno.pl\/wp-content\/uploads\/2023\/08\/11.08-Czas-wilka--1086x1536.jpg 1086w, https:\/\/www.biblioteka-sepolno.pl\/wp-content\/uploads\/2023\/08\/11.08-Czas-wilka--8x12.jpg 8w, https:\/\/www.biblioteka-sepolno.pl\/wp-content\/uploads\/2023\/08\/11.08-Czas-wilka-.jpg 1414w\" sizes=\"auto, (max-width: 724px) 100vw, 724px\" \/><\/figure>\n\n\n\n<figure class=\"wp-block-image size-large\"><img loading=\"lazy\" decoding=\"async\" width=\"722\" height=\"1024\" data-id=\"16012\" src=\"https:\/\/www.biblioteka-sepolno.pl\/wp-content\/uploads\/2023\/08\/10.08-promocja-rocznika-722x1024.jpg\" alt=\"\" class=\"wp-image-16012\" srcset=\"https:\/\/www.biblioteka-sepolno.pl\/wp-content\/uploads\/2023\/08\/10.08-promocja-rocznika-722x1024.jpg 722w, https:\/\/www.biblioteka-sepolno.pl\/wp-content\/uploads\/2023\/08\/10.08-promocja-rocznika-211x300.jpg 211w, https:\/\/www.biblioteka-sepolno.pl\/wp-content\/uploads\/2023\/08\/10.08-promocja-rocznika-768x1090.jpg 768w, https:\/\/www.biblioteka-sepolno.pl\/wp-content\/uploads\/2023\/08\/10.08-promocja-rocznika-1083x1536.jpg 1083w, https:\/\/www.biblioteka-sepolno.pl\/wp-content\/uploads\/2023\/08\/10.08-promocja-rocznika-1444x2048.jpg 1444w, https:\/\/www.biblioteka-sepolno.pl\/wp-content\/uploads\/2023\/08\/10.08-promocja-rocznika-8x12.jpg 8w, https:\/\/www.biblioteka-sepolno.pl\/wp-content\/uploads\/2023\/08\/10.08-promocja-rocznika.jpg 1748w\" sizes=\"auto, (max-width: 722px) 100vw, 722px\" \/><\/figure>\n\n\n\n<figure class=\"wp-block-image size-large\"><img loading=\"lazy\" decoding=\"async\" width=\"724\" height=\"1024\" data-id=\"16002\" src=\"https:\/\/www.biblioteka-sepolno.pl\/wp-content\/uploads\/2023\/08\/10.08-Kultura-Smacznego-724x1024.jpg\" alt=\"\" class=\"wp-image-16002\" srcset=\"https:\/\/www.biblioteka-sepolno.pl\/wp-content\/uploads\/2023\/08\/10.08-Kultura-Smacznego-724x1024.jpg 724w, https:\/\/www.biblioteka-sepolno.pl\/wp-content\/uploads\/2023\/08\/10.08-Kultura-Smacznego-212x300.jpg 212w, https:\/\/www.biblioteka-sepolno.pl\/wp-content\/uploads\/2023\/08\/10.08-Kultura-Smacznego-768x1086.jpg 768w, https:\/\/www.biblioteka-sepolno.pl\/wp-content\/uploads\/2023\/08\/10.08-Kultura-Smacznego-1086x1536.jpg 1086w, https:\/\/www.biblioteka-sepolno.pl\/wp-content\/uploads\/2023\/08\/10.08-Kultura-Smacznego-8x12.jpg 8w, https:\/\/www.biblioteka-sepolno.pl\/wp-content\/uploads\/2023\/08\/10.08-Kultura-Smacznego.jpg 1414w\" sizes=\"auto, (max-width: 724px) 100vw, 724px\" \/><\/figure>\n\n\n\n<figure class=\"wp-block-image size-large\"><img loading=\"lazy\" decoding=\"async\" width=\"724\" height=\"1024\" data-id=\"16011\" src=\"https:\/\/www.biblioteka-sepolno.pl\/wp-content\/uploads\/2023\/08\/09.08-wystawa-724x1024.jpg\" alt=\"\" class=\"wp-image-16011\" srcset=\"https:\/\/www.biblioteka-sepolno.pl\/wp-content\/uploads\/2023\/08\/09.08-wystawa-724x1024.jpg 724w, https:\/\/www.biblioteka-sepolno.pl\/wp-content\/uploads\/2023\/08\/09.08-wystawa-212x300.jpg 212w, https:\/\/www.biblioteka-sepolno.pl\/wp-content\/uploads\/2023\/08\/09.08-wystawa-768x1086.jpg 768w, https:\/\/www.biblioteka-sepolno.pl\/wp-content\/uploads\/2023\/08\/09.08-wystawa-1086x1536.jpg 1086w, https:\/\/www.biblioteka-sepolno.pl\/wp-content\/uploads\/2023\/08\/09.08-wystawa-1448x2048.jpg 1448w, https:\/\/www.biblioteka-sepolno.pl\/wp-content\/uploads\/2023\/08\/09.08-wystawa-8x12.jpg 8w, https:\/\/www.biblioteka-sepolno.pl\/wp-content\/uploads\/2023\/08\/09.08-wystawa.jpg 1654w\" sizes=\"auto, (max-width: 724px) 100vw, 724px\" \/><\/figure>\n\n\n\n<figure class=\"wp-block-image size-large\"><img loading=\"lazy\" decoding=\"async\" width=\"724\" height=\"1024\" data-id=\"16004\" src=\"https:\/\/www.biblioteka-sepolno.pl\/wp-content\/uploads\/2023\/08\/09.08-SNIADANIE-NA-TRAWIE--724x1024.jpg\" alt=\"\" class=\"wp-image-16004\" srcset=\"https:\/\/www.biblioteka-sepolno.pl\/wp-content\/uploads\/2023\/08\/09.08-SNIADANIE-NA-TRAWIE--724x1024.jpg 724w, https:\/\/www.biblioteka-sepolno.pl\/wp-content\/uploads\/2023\/08\/09.08-SNIADANIE-NA-TRAWIE--212x300.jpg 212w, https:\/\/www.biblioteka-sepolno.pl\/wp-content\/uploads\/2023\/08\/09.08-SNIADANIE-NA-TRAWIE--768x1086.jpg 768w, https:\/\/www.biblioteka-sepolno.pl\/wp-content\/uploads\/2023\/08\/09.08-SNIADANIE-NA-TRAWIE--1086x1536.jpg 1086w, https:\/\/www.biblioteka-sepolno.pl\/wp-content\/uploads\/2023\/08\/09.08-SNIADANIE-NA-TRAWIE--1448x2048.jpg 1448w, https:\/\/www.biblioteka-sepolno.pl\/wp-content\/uploads\/2023\/08\/09.08-SNIADANIE-NA-TRAWIE--8x12.jpg 8w, https:\/\/www.biblioteka-sepolno.pl\/wp-content\/uploads\/2023\/08\/09.08-SNIADANIE-NA-TRAWIE-.jpg 1587w\" sizes=\"auto, (max-width: 724px) 100vw, 724px\" \/><\/figure>\n\n\n\n<figure class=\"wp-block-image size-large\"><img loading=\"lazy\" decoding=\"async\" width=\"940\" height=\"788\" data-id=\"16003\" src=\"https:\/\/www.biblioteka-sepolno.pl\/wp-content\/uploads\/2023\/08\/09.08-konkursy.jpg\" alt=\"\" class=\"wp-image-16003\" srcset=\"https:\/\/www.biblioteka-sepolno.pl\/wp-content\/uploads\/2023\/08\/09.08-konkursy.jpg 940w, https:\/\/www.biblioteka-sepolno.pl\/wp-content\/uploads\/2023\/08\/09.08-konkursy-300x251.jpg 300w, https:\/\/www.biblioteka-sepolno.pl\/wp-content\/uploads\/2023\/08\/09.08-konkursy-768x644.jpg 768w, https:\/\/www.biblioteka-sepolno.pl\/wp-content\/uploads\/2023\/08\/09.08-konkursy-14x12.jpg 14w\" sizes=\"auto, (max-width: 940px) 100vw, 940px\" \/><\/figure>\n\n\n\n<figure class=\"wp-block-image size-large\"><img loading=\"lazy\" decoding=\"async\" width=\"724\" height=\"1024\" data-id=\"16005\" src=\"https:\/\/www.biblioteka-sepolno.pl\/wp-content\/uploads\/2023\/08\/08.08-teatr-724x1024.jpg\" alt=\"\" class=\"wp-image-16005\" srcset=\"https:\/\/www.biblioteka-sepolno.pl\/wp-content\/uploads\/2023\/08\/08.08-teatr-724x1024.jpg 724w, https:\/\/www.biblioteka-sepolno.pl\/wp-content\/uploads\/2023\/08\/08.08-teatr-212x300.jpg 212w, https:\/\/www.biblioteka-sepolno.pl\/wp-content\/uploads\/2023\/08\/08.08-teatr-768x1086.jpg 768w, https:\/\/www.biblioteka-sepolno.pl\/wp-content\/uploads\/2023\/08\/08.08-teatr-1086x1536.jpg 1086w, https:\/\/www.biblioteka-sepolno.pl\/wp-content\/uploads\/2023\/08\/08.08-teatr-1448x2048.jpg 1448w, https:\/\/www.biblioteka-sepolno.pl\/wp-content\/uploads\/2023\/08\/08.08-teatr-8x12.jpg 8w, https:\/\/www.biblioteka-sepolno.pl\/wp-content\/uploads\/2023\/08\/08.08-teatr.jpg 1587w\" sizes=\"auto, (max-width: 724px) 100vw, 724px\" \/><\/figure>\n\n\n\n<figure class=\"wp-block-image size-large\"><img loading=\"lazy\" decoding=\"async\" width=\"724\" height=\"1024\" data-id=\"16006\" src=\"https:\/\/www.biblioteka-sepolno.pl\/wp-content\/uploads\/2023\/08\/07.08-test-724x1024.jpg\" alt=\"\" class=\"wp-image-16006\" srcset=\"https:\/\/www.biblioteka-sepolno.pl\/wp-content\/uploads\/2023\/08\/07.08-test-724x1024.jpg 724w, https:\/\/www.biblioteka-sepolno.pl\/wp-content\/uploads\/2023\/08\/07.08-test-212x300.jpg 212w, https:\/\/www.biblioteka-sepolno.pl\/wp-content\/uploads\/2023\/08\/07.08-test-768x1086.jpg 768w, https:\/\/www.biblioteka-sepolno.pl\/wp-content\/uploads\/2023\/08\/07.08-test-1086x1536.jpg 1086w, https:\/\/www.biblioteka-sepolno.pl\/wp-content\/uploads\/2023\/08\/07.08-test-8x12.jpg 8w, https:\/\/www.biblioteka-sepolno.pl\/wp-content\/uploads\/2023\/08\/07.08-test.jpg 1131w\" sizes=\"auto, (max-width: 724px) 100vw, 724px\" \/><\/figure>\n\n\n\n<figure class=\"wp-block-image size-large\"><img loading=\"lazy\" decoding=\"async\" width=\"724\" height=\"1024\" data-id=\"16007\" src=\"https:\/\/www.biblioteka-sepolno.pl\/wp-content\/uploads\/2023\/08\/06.08-ENTFLORIA-BARTAS-SZYMONIAK-724x1024.jpg\" alt=\"\" class=\"wp-image-16007\" srcset=\"https:\/\/www.biblioteka-sepolno.pl\/wp-content\/uploads\/2023\/08\/06.08-ENTFLORIA-BARTAS-SZYMONIAK-724x1024.jpg 724w, https:\/\/www.biblioteka-sepolno.pl\/wp-content\/uploads\/2023\/08\/06.08-ENTFLORIA-BARTAS-SZYMONIAK-212x300.jpg 212w, https:\/\/www.biblioteka-sepolno.pl\/wp-content\/uploads\/2023\/08\/06.08-ENTFLORIA-BARTAS-SZYMONIAK-768x1086.jpg 768w, https:\/\/www.biblioteka-sepolno.pl\/wp-content\/uploads\/2023\/08\/06.08-ENTFLORIA-BARTAS-SZYMONIAK-1086x1536.jpg 1086w, https:\/\/www.biblioteka-sepolno.pl\/wp-content\/uploads\/2023\/08\/06.08-ENTFLORIA-BARTAS-SZYMONIAK-1448x2048.jpg 1448w, https:\/\/www.biblioteka-sepolno.pl\/wp-content\/uploads\/2023\/08\/06.08-ENTFLORIA-BARTAS-SZYMONIAK-8x12.jpg 8w, https:\/\/www.biblioteka-sepolno.pl\/wp-content\/uploads\/2023\/08\/06.08-ENTFLORIA-BARTAS-SZYMONIAK.jpg 1587w\" sizes=\"auto, (max-width: 724px) 100vw, 724px\" \/><\/figure>\n\n\n\n<figure class=\"wp-block-image size-large\"><img loading=\"lazy\" decoding=\"async\" width=\"1024\" height=\"726\" data-id=\"16013\" src=\"https:\/\/www.biblioteka-sepolno.pl\/wp-content\/uploads\/2023\/08\/05.08-pocztowka-z-Sepolna-1024x726.png\" alt=\"\" class=\"wp-image-16013\" srcset=\"https:\/\/www.biblioteka-sepolno.pl\/wp-content\/uploads\/2023\/08\/05.08-pocztowka-z-Sepolna-1024x726.png 1024w, https:\/\/www.biblioteka-sepolno.pl\/wp-content\/uploads\/2023\/08\/05.08-pocztowka-z-Sepolna-300x213.png 300w, https:\/\/www.biblioteka-sepolno.pl\/wp-content\/uploads\/2023\/08\/05.08-pocztowka-z-Sepolna-768x545.png 768w, https:\/\/www.biblioteka-sepolno.pl\/wp-content\/uploads\/2023\/08\/05.08-pocztowka-z-Sepolna-1536x1090.png 1536w, https:\/\/www.biblioteka-sepolno.pl\/wp-content\/uploads\/2023\/08\/05.08-pocztowka-z-Sepolna-18x12.png 18w, https:\/\/www.biblioteka-sepolno.pl\/wp-content\/uploads\/2023\/08\/05.08-pocztowka-z-Sepolna.png 1748w\" sizes=\"auto, (max-width: 1024px) 100vw, 1024px\" \/><\/figure>\n\n\n\n<figure class=\"wp-block-image size-large\"><img loading=\"lazy\" decoding=\"async\" width=\"724\" height=\"1024\" data-id=\"16008\" src=\"https:\/\/www.biblioteka-sepolno.pl\/wp-content\/uploads\/2023\/08\/04.08-Otwarcie-Skateparku-724x1024.jpg\" alt=\"\" class=\"wp-image-16008\" srcset=\"https:\/\/www.biblioteka-sepolno.pl\/wp-content\/uploads\/2023\/08\/04.08-Otwarcie-Skateparku-724x1024.jpg 724w, https:\/\/www.biblioteka-sepolno.pl\/wp-content\/uploads\/2023\/08\/04.08-Otwarcie-Skateparku-212x300.jpg 212w, https:\/\/www.biblioteka-sepolno.pl\/wp-content\/uploads\/2023\/08\/04.08-Otwarcie-Skateparku-768x1086.jpg 768w, https:\/\/www.biblioteka-sepolno.pl\/wp-content\/uploads\/2023\/08\/04.08-Otwarcie-Skateparku-1086x1536.jpg 1086w, https:\/\/www.biblioteka-sepolno.pl\/wp-content\/uploads\/2023\/08\/04.08-Otwarcie-Skateparku-1448x2048.jpg 1448w, https:\/\/www.biblioteka-sepolno.pl\/wp-content\/uploads\/2023\/08\/04.08-Otwarcie-Skateparku-8x12.jpg 8w, https:\/\/www.biblioteka-sepolno.pl\/wp-content\/uploads\/2023\/08\/04.08-Otwarcie-Skateparku.jpg 1587w\" sizes=\"auto, (max-width: 724px) 100vw, 724px\" \/><\/figure>\n\n\n\n<figure class=\"wp-block-image size-large\"><img loading=\"lazy\" decoding=\"async\" width=\"724\" height=\"1024\" data-id=\"16009\" src=\"https:\/\/www.biblioteka-sepolno.pl\/wp-content\/uploads\/2023\/08\/00.08-DNI-SEPOLNA-2023-724x1024.jpg\" alt=\"\" class=\"wp-image-16009\" srcset=\"https:\/\/www.biblioteka-sepolno.pl\/wp-content\/uploads\/2023\/08\/00.08-DNI-SEPOLNA-2023-724x1024.jpg 724w, https:\/\/www.biblioteka-sepolno.pl\/wp-content\/uploads\/2023\/08\/00.08-DNI-SEPOLNA-2023-212x300.jpg 212w, https:\/\/www.biblioteka-sepolno.pl\/wp-content\/uploads\/2023\/08\/00.08-DNI-SEPOLNA-2023-768x1086.jpg 768w, https:\/\/www.biblioteka-sepolno.pl\/wp-content\/uploads\/2023\/08\/00.08-DNI-SEPOLNA-2023-1086x1536.jpg 1086w, https:\/\/www.biblioteka-sepolno.pl\/wp-content\/uploads\/2023\/08\/00.08-DNI-SEPOLNA-2023-1448x2048.jpg 1448w, https:\/\/www.biblioteka-sepolno.pl\/wp-content\/uploads\/2023\/08\/00.08-DNI-SEPOLNA-2023-8x12.jpg 8w, https:\/\/www.biblioteka-sepolno.pl\/wp-content\/uploads\/2023\/08\/00.08-DNI-SEPOLNA-2023.jpg 1587w\" sizes=\"auto, (max-width: 724px) 100vw, 724px\" \/><\/figure>\n<\/figure>","protected":false},"excerpt":{"rendered":"<p>Burmistrz S\u0119p\u00f3lna Kraje\u0144skiego zaprasza na Dni S\u0119p\u00f3lna Kraje\u0144skiego 2023 Pi\u0105tek 04.08.2023godz. 10:00 &#8211; Uroczyste otwarcie Skateparku w S\u0119p\u00f3lnie Kraje\u0144skim &#8211; Plac Przyja\u017ani Sobota 05.08.2023godz. 11:00 &#8211; &#8222;Moja poczt\u00f3wka z wakacji w Gminie S\u0119p\u00f3lno Kraje\u0144skie&#8221; &#8211; warsztaty komputerowe Gminne Centrum Informacji Niedziela 06.08.2023godz. 18:00 \u2013 Koncert zespo\u0142u Entfloria \u2013 molo s\u0119pole\u0144skiegodz. 19:00 \u2013 Koncert Bartasa Szymoniaka <a href=\"https:\/\/www.biblioteka-sepolno.pl\/en\/news\/dni-sepolna-krajenskiego\" class=\"more-link\">&#8230;<span class=\"screen-reader-text\">  Dni S\u0119p\u00f3lna Kraje\u0144skiego<\/span><\/a><\/p>","protected":false},"author":5,"featured_media":16014,"comment_status":"closed","ping_status":"closed","sticky":false,"template":"","format":"standard","meta":{"_acf_changed":false,"footnotes":""},"categories":[6],"tags":[],"class_list":["post-15997","post","type-post","status-publish","format-standard","has-post-thumbnail","hentry","category-news"],"acf":[],"_links":{"self":[{"href":"https:\/\/www.biblioteka-sepolno.pl\/en\/wp-json\/wp\/v2\/posts\/15997","targetHints":{"allow":["GET"]}}],"collection":[{"href":"https:\/\/www.biblioteka-sepolno.pl\/en\/wp-json\/wp\/v2\/posts"}],"about":[{"href":"https:\/\/www.biblioteka-sepolno.pl\/en\/wp-json\/wp\/v2\/types\/post"}],"author":[{"embeddable":true,"href":"https:\/\/www.biblioteka-sepolno.pl\/en\/wp-json\/wp\/v2\/users\/5"}],"replies":[{"embeddable":true,"href":"https:\/\/www.biblioteka-sepolno.pl\/en\/wp-json\/wp\/v2\/comments?post=15997"}],"version-history":[{"count":1,"href":"https:\/\/www.biblioteka-sepolno.pl\/en\/wp-json\/wp\/v2\/posts\/15997\/revisions"}],"predecessor-version":[{"id":16015,"href":"https:\/\/www.biblioteka-sepolno.pl\/en\/wp-json\/wp\/v2\/posts\/15997\/revisions\/16015"}],"wp:featuredmedia":[{"embeddable":true,"href":"https:\/\/www.biblioteka-sepolno.pl\/en\/wp-json\/wp\/v2\/media\/16014"}],"wp:attachment":[{"href":"https:\/\/www.biblioteka-sepolno.pl\/en\/wp-json\/wp\/v2\/media?parent=15997"}],"wp:term":[{"taxonomy":"category","embeddable":true,"href":"https:\/\/www.biblioteka-sepolno.pl\/en\/wp-json\/wp\/v2\/categories?post=15997"},{"taxonomy":"post_tag","embeddable":true,"href":"https:\/\/www.biblioteka-sepolno.pl\/en\/wp-json\/wp\/v2\/tags?post=15997"}],"curies":[{"name":"wp","href":"https:\/\/api.w.org\/{rel}","templated":true}]}}