{"id":16016,"date":"2023-08-07T09:03:20","date_gmt":"2023-08-07T08:03:20","guid":{"rendered":"https:\/\/www.biblioteka-sepolno.pl\/?p=16016"},"modified":"2023-08-07T09:37:49","modified_gmt":"2023-08-07T08:37:49","slug":"zmiana-miejsca-spektaklu","status":"publish","type":"post","link":"https:\/\/www.biblioteka-sepolno.pl\/en\/news\/zmiana-miejsca-spektaklu","title":{"rendered":"Zmiana miejsca spektaklu!"},"content":{"rendered":"<p>W zwi\u0105zku z zapowiadanym na jutro deszczem jeste\u015bmy zmuszeni przenie\u015b\u0107 teatr dla dzieci z molo do biblioteki: ul. Wojska Polskiego 22, I pi\u0119tro<\/p>\n\n\n\n<p>Stowarzyszenie Trzecie Miejsce zaprasza Was 8 sierpnia o godzinie 16:00 na musicalow\u0105 opowie\u015b\u0107 dla najm\u0142odszych o historii nawi\u0105zania przyja\u017ani ma\u0142pki Eli i s\u0142onika Tr\u0105bonika. Spektakl w wykonaniu Teatru Katarynka uczy, \u017ce trudno\u015bci pokonuje si\u0119 wsp\u00f3lnymi si\u0142ami! Gwarantujemy zaskakuj\u0105ce i zabawne sytuacje, wspania\u0142\u0105 opraw\u0119 muzyczn\u0105, ruch sceniczny, \u015bpiew i taniec <img loading=\"lazy\" decoding=\"async\" height=\"16\" width=\"16\" alt=\"\ud83d\ude42\" src=\"https:\/\/static.xx.fbcdn.net\/images\/emoji.php\/v9\/t4c\/1\/16\/1f642.png\">. Zapraszamy!<\/p>\n\n\n\n<p>Zadanie zorganizowano w ramach projektu \u201eKr\u00f3lestwo Bajki, czyli historia jednego obrazu\u201d. Projekt finansowany jest ze \u015brodk\u00f3w Gminy S\u0119p\u00f3lno Kraje\u0144skie, a realizowany przez Stowarzyszenie \u201eTrzecie Miejsce\u201d przy wsp\u00f3\u0142pracy z s\u0119pole\u0144sk\u0105 bibliotek\u0105.<\/p>\n\n\n\n<figure class=\"wp-block-gallery has-nested-images columns-default is-cropped wp-block-gallery-1 is-layout-flex wp-block-gallery-is-layout-flex\">\n<figure class=\"wp-block-image size-large\"><img loading=\"lazy\" decoding=\"async\" width=\"864\" height=\"1024\" data-id=\"16019\" src=\"https:\/\/www.biblioteka-sepolno.pl\/wp-content\/uploads\/2023\/08\/SEPOLENSKIE-MOLO1-1-864x1024.jpg\" alt=\"\" class=\"wp-image-16019\" srcset=\"https:\/\/www.biblioteka-sepolno.pl\/wp-content\/uploads\/2023\/08\/SEPOLENSKIE-MOLO1-1-864x1024.jpg 864w, https:\/\/www.biblioteka-sepolno.pl\/wp-content\/uploads\/2023\/08\/SEPOLENSKIE-MOLO1-1-253x300.jpg 253w, https:\/\/www.biblioteka-sepolno.pl\/wp-content\/uploads\/2023\/08\/SEPOLENSKIE-MOLO1-1-768x910.jpg 768w, https:\/\/www.biblioteka-sepolno.pl\/wp-content\/uploads\/2023\/08\/SEPOLENSKIE-MOLO1-1-1296x1536.jpg 1296w, https:\/\/www.biblioteka-sepolno.pl\/wp-content\/uploads\/2023\/08\/SEPOLENSKIE-MOLO1-1-10x12.jpg 10w, https:\/\/www.biblioteka-sepolno.pl\/wp-content\/uploads\/2023\/08\/SEPOLENSKIE-MOLO1-1.jpg 1587w\" sizes=\"auto, (max-width: 864px) 100vw, 864px\" \/><\/figure>\n<\/figure>","protected":false},"excerpt":{"rendered":"<p>W zwi\u0105zku z zapowiadanym na jutro deszczem jeste\u015bmy zmuszeni przenie\u015b\u0107 teatr dla dzieci z molo do biblioteki: ul. Wojska Polskiego 22, I pi\u0119tro Stowarzyszenie Trzecie Miejsce zaprasza Was 8 sierpnia o godzinie 16:00 na musicalow\u0105 opowie\u015b\u0107 dla najm\u0142odszych o historii nawi\u0105zania przyja\u017ani ma\u0142pki Eli i s\u0142onika Tr\u0105bonika. Spektakl w wykonaniu Teatru Katarynka uczy, \u017ce trudno\u015bci <a href=\"https:\/\/www.biblioteka-sepolno.pl\/en\/news\/zmiana-miejsca-spektaklu\" class=\"more-link\">&#8230;<span class=\"screen-reader-text\">  Zmiana miejsca spektaklu!<\/span><\/a><\/p>","protected":false},"author":5,"featured_media":16021,"comment_status":"closed","ping_status":"closed","sticky":false,"template":"","format":"standard","meta":{"_acf_changed":false,"footnotes":""},"categories":[6],"tags":[],"class_list":["post-16016","post","type-post","status-publish","format-standard","has-post-thumbnail","hentry","category-news"],"acf":[],"_links":{"self":[{"href":"https:\/\/www.biblioteka-sepolno.pl\/en\/wp-json\/wp\/v2\/posts\/16016","targetHints":{"allow":["GET"]}}],"collection":[{"href":"https:\/\/www.biblioteka-sepolno.pl\/en\/wp-json\/wp\/v2\/posts"}],"about":[{"href":"https:\/\/www.biblioteka-sepolno.pl\/en\/wp-json\/wp\/v2\/types\/post"}],"author":[{"embeddable":true,"href":"https:\/\/www.biblioteka-sepolno.pl\/en\/wp-json\/wp\/v2\/users\/5"}],"replies":[{"embeddable":true,"href":"https:\/\/www.biblioteka-sepolno.pl\/en\/wp-json\/wp\/v2\/comments?post=16016"}],"version-history":[{"count":3,"href":"https:\/\/www.biblioteka-sepolno.pl\/en\/wp-json\/wp\/v2\/posts\/16016\/revisions"}],"predecessor-version":[{"id":16022,"href":"https:\/\/www.biblioteka-sepolno.pl\/en\/wp-json\/wp\/v2\/posts\/16016\/revisions\/16022"}],"wp:featuredmedia":[{"embeddable":true,"href":"https:\/\/www.biblioteka-sepolno.pl\/en\/wp-json\/wp\/v2\/media\/16021"}],"wp:attachment":[{"href":"https:\/\/www.biblioteka-sepolno.pl\/en\/wp-json\/wp\/v2\/media?parent=16016"}],"wp:term":[{"taxonomy":"category","embeddable":true,"href":"https:\/\/www.biblioteka-sepolno.pl\/en\/wp-json\/wp\/v2\/categories?post=16016"},{"taxonomy":"post_tag","embeddable":true,"href":"https:\/\/www.biblioteka-sepolno.pl\/en\/wp-json\/wp\/v2\/tags?post=16016"}],"curies":[{"name":"wp","href":"https:\/\/api.w.org\/{rel}","templated":true}]}}