{"id":16024,"date":"2023-08-09T09:23:57","date_gmt":"2023-08-09T08:23:57","guid":{"rendered":"https:\/\/www.biblioteka-sepolno.pl\/?p=16024"},"modified":"2023-08-09T09:23:57","modified_gmt":"2023-08-09T08:23:57","slug":"mala-ojczyzna-pojawila-sie-w-bibliotece","status":"publish","type":"post","link":"https:\/\/www.biblioteka-sepolno.pl\/en\/news\/mala-ojczyzna-pojawila-sie-w-bibliotece","title":{"rendered":"&#8222;Ma\u0142a Ojczyzna&#8221; pojawi\u0142a si\u0119 w bibliotece"},"content":{"rendered":"<p>W\u0142a\u015bnie ukaza\u0142 si\u0119 pierwszy numer rocznika s\u0119pole\u0144skiej ksi\u0105\u017cnicy. Wydawnictwo, planowane jako cykliczne, zaprezentowane zostanie na spotkaniu 10 sierpnia, kt\u00f3re odb\u0119dzie si\u0119 w siedzibie biblioteki.<\/p>\n\n\n\n<p>Uff, wreszcie! Po tygodniach ci\u0119\u017ckiej pracy z drukarni trafi\u0142y do nas numery &#8222;Ma\u0142ej Ojczyzny&#8221; &#8211; rocznika biblioteki, po\u015bwi\u0119conego kulturze, historii, geografii i przyrodzie S\u0119p\u00f3lna Kraje\u0144skiego i okolic. L\u015bni\u0105ce, g\u0142adziutkie, jeszcze pachn\u0105ce farb\u0105 drukarsk\u0105&#8230;<\/p>\n\n\n\n<p>W najbli\u017cszy czwartek, 10 sierpnia o godz. 17:00, w bibliotece odb\u0119dzie si\u0119 prezentacja rocznika, podczas kt\u00f3rej b\u0119dziemy go rozdawa\u0107.<\/p>\n\n\n\n<p><a><\/a>Zgadza si\u0119 &#8211; rozdawa\u0107.<\/p>\n\n\n\n<p>W pierwszym numerze grupa lokalnych autor\u00f3w przygotowa\u0142a dla Pa\u0144stwa tre\u015bci dotycz\u0105ce m.in. roku obrz\u0119dowego na Krajnie, 25-lecia Kraje\u0144skiego Parku Krajobrazowego, zamku poch\u0142oni\u0119tego (b\u0105d\u017a nie) przez wody jeziora, zab\u00f3jstwa W\u0142adys\u0142awa Mani w \u015awidwiu&#8230;<\/p>\n\n\n\n<p>Nic, tylko zatopi\u0107 si\u0119 w lekturze. Mi\u0142o\u015bnicy S\u0119p\u00f3lna i okolic &#8211; do zobaczenia w czwartek!<\/p>","protected":false},"excerpt":{"rendered":"<p>W\u0142a\u015bnie ukaza\u0142 si\u0119 pierwszy numer rocznika s\u0119pole\u0144skiej ksi\u0105\u017cnicy. Wydawnictwo, planowane jako cykliczne, zaprezentowane zostanie na spotkaniu 10 sierpnia, kt\u00f3re odb\u0119dzie si\u0119 w siedzibie biblioteki. Uff, wreszcie! Po tygodniach ci\u0119\u017ckiej pracy z drukarni trafi\u0142y do nas numery &#8222;Ma\u0142ej Ojczyzny&#8221; &#8211; rocznika biblioteki, po\u015bwi\u0119conego kulturze, historii, geografii i przyrodzie S\u0119p\u00f3lna Kraje\u0144skiego i okolic. L\u015bni\u0105ce, g\u0142adziutkie, jeszcze pachn\u0105ce <a href=\"https:\/\/www.biblioteka-sepolno.pl\/en\/news\/mala-ojczyzna-pojawila-sie-w-bibliotece\" class=\"more-link\">&#8230;<span class=\"screen-reader-text\">  &#8222;Ma\u0142a Ojczyzna&#8221; pojawi\u0142a si\u0119 w bibliotece<\/span><\/a><\/p>","protected":false},"author":5,"featured_media":16014,"comment_status":"closed","ping_status":"closed","sticky":false,"template":"","format":"standard","meta":{"_acf_changed":false,"footnotes":""},"categories":[6],"tags":[],"class_list":["post-16024","post","type-post","status-publish","format-standard","has-post-thumbnail","hentry","category-news"],"acf":[],"_links":{"self":[{"href":"https:\/\/www.biblioteka-sepolno.pl\/en\/wp-json\/wp\/v2\/posts\/16024","targetHints":{"allow":["GET"]}}],"collection":[{"href":"https:\/\/www.biblioteka-sepolno.pl\/en\/wp-json\/wp\/v2\/posts"}],"about":[{"href":"https:\/\/www.biblioteka-sepolno.pl\/en\/wp-json\/wp\/v2\/types\/post"}],"author":[{"embeddable":true,"href":"https:\/\/www.biblioteka-sepolno.pl\/en\/wp-json\/wp\/v2\/users\/5"}],"replies":[{"embeddable":true,"href":"https:\/\/www.biblioteka-sepolno.pl\/en\/wp-json\/wp\/v2\/comments?post=16024"}],"version-history":[{"count":1,"href":"https:\/\/www.biblioteka-sepolno.pl\/en\/wp-json\/wp\/v2\/posts\/16024\/revisions"}],"predecessor-version":[{"id":16025,"href":"https:\/\/www.biblioteka-sepolno.pl\/en\/wp-json\/wp\/v2\/posts\/16024\/revisions\/16025"}],"wp:featuredmedia":[{"embeddable":true,"href":"https:\/\/www.biblioteka-sepolno.pl\/en\/wp-json\/wp\/v2\/media\/16014"}],"wp:attachment":[{"href":"https:\/\/www.biblioteka-sepolno.pl\/en\/wp-json\/wp\/v2\/media?parent=16024"}],"wp:term":[{"taxonomy":"category","embeddable":true,"href":"https:\/\/www.biblioteka-sepolno.pl\/en\/wp-json\/wp\/v2\/categories?post=16024"},{"taxonomy":"post_tag","embeddable":true,"href":"https:\/\/www.biblioteka-sepolno.pl\/en\/wp-json\/wp\/v2\/tags?post=16024"}],"curies":[{"name":"wp","href":"https:\/\/api.w.org\/{rel}","templated":true}]}}