{"id":16027,"date":"2023-08-10T10:01:44","date_gmt":"2023-08-10T09:01:44","guid":{"rendered":"https:\/\/www.biblioteka-sepolno.pl\/?p=16027"},"modified":"2023-08-10T10:01:44","modified_gmt":"2023-08-10T09:01:44","slug":"sepolenska-biblioteka-z-dofinansowaniem","status":"publish","type":"post","link":"https:\/\/www.biblioteka-sepolno.pl\/en\/news\/sepolenska-biblioteka-z-dofinansowaniem","title":{"rendered":"S\u0119pole\u0144ska biblioteka z dofinansowaniem!"},"content":{"rendered":"<p>Szanowni Czytelnicy!<\/p>\n\n\n\n<p>Jest nam niezmiernie mi\u0142o poinformowa\u0107, \u017ce Biblioteka Publiczna im. J. Iwaszkiewicza w S\u0119p\u00f3lnie Kraje\u0144skim uzyska\u0142a dofinansowanie w wysoko\u015bci 10200 z\u0142 w ramach zadania &#8222;Dofinansowania dla bibliotek publicznych na zakup nowo\u015bci wydawniczych oraz us\u0142ugi zdalnego dost\u0119pu do ksi\u0105\u017cek w formatach e-book\u00f3w i\/lub audiobook\u00f3w i\/lub synchrobook\u00f3w &#8211; Priorytet 1, Kierunek interwencji 1.1. w ramach NPRCz 2.0&#8221;.<\/p>\n\n\n\n<p>Dotacja ta jest dofinansowana ze \u015brodk\u00f3w finansowych Ministra Kultury i Dziedzictwa Narodowego w ramach Narodowego Programu Rozwoju Czytelnictwa 2.0 na lata 2021-2025.<\/p>\n\n\n\n<figure class=\"wp-block-gallery has-nested-images columns-default is-cropped wp-block-gallery-1 is-layout-flex wp-block-gallery-is-layout-flex\">\n<figure class=\"wp-block-image size-large\"><img loading=\"lazy\" decoding=\"async\" width=\"1024\" height=\"847\" data-id=\"16028\" src=\"https:\/\/www.biblioteka-sepolno.pl\/wp-content\/uploads\/2023\/08\/Untitled-design11-1024x847.jpg\" alt=\"\" class=\"wp-image-16028\" srcset=\"https:\/\/www.biblioteka-sepolno.pl\/wp-content\/uploads\/2023\/08\/Untitled-design11-1024x847.jpg 1024w, https:\/\/www.biblioteka-sepolno.pl\/wp-content\/uploads\/2023\/08\/Untitled-design11-300x248.jpg 300w, https:\/\/www.biblioteka-sepolno.pl\/wp-content\/uploads\/2023\/08\/Untitled-design11-768x635.jpg 768w, https:\/\/www.biblioteka-sepolno.pl\/wp-content\/uploads\/2023\/08\/Untitled-design11-1536x1270.jpg 1536w, https:\/\/www.biblioteka-sepolno.pl\/wp-content\/uploads\/2023\/08\/Untitled-design11-15x12.jpg 15w, https:\/\/www.biblioteka-sepolno.pl\/wp-content\/uploads\/2023\/08\/Untitled-design11.jpg 1579w\" sizes=\"auto, (max-width: 1024px) 100vw, 1024px\" \/><\/figure>\n<\/figure>","protected":false},"excerpt":{"rendered":"<p>Szanowni Czytelnicy! Jest nam niezmiernie mi\u0142o poinformowa\u0107, \u017ce Biblioteka Publiczna im. J. Iwaszkiewicza w S\u0119p\u00f3lnie Kraje\u0144skim uzyska\u0142a dofinansowanie w wysoko\u015bci 10200 z\u0142 w ramach zadania &#8222;Dofinansowania dla bibliotek publicznych na zakup nowo\u015bci wydawniczych oraz us\u0142ugi zdalnego dost\u0119pu do ksi\u0105\u017cek w formatach e-book\u00f3w i\/lub audiobook\u00f3w i\/lub synchrobook\u00f3w &#8211; Priorytet 1, Kierunek interwencji 1.1. w ramach NPRCz <a href=\"https:\/\/www.biblioteka-sepolno.pl\/en\/news\/sepolenska-biblioteka-z-dofinansowaniem\" class=\"more-link\">&#8230;<span class=\"screen-reader-text\">  S\u0119pole\u0144ska biblioteka z dofinansowaniem!<\/span><\/a><\/p>","protected":false},"author":5,"featured_media":16028,"comment_status":"closed","ping_status":"closed","sticky":false,"template":"","format":"standard","meta":{"_acf_changed":false,"footnotes":""},"categories":[6],"tags":[],"class_list":["post-16027","post","type-post","status-publish","format-standard","has-post-thumbnail","hentry","category-news"],"acf":[],"_links":{"self":[{"href":"https:\/\/www.biblioteka-sepolno.pl\/en\/wp-json\/wp\/v2\/posts\/16027","targetHints":{"allow":["GET"]}}],"collection":[{"href":"https:\/\/www.biblioteka-sepolno.pl\/en\/wp-json\/wp\/v2\/posts"}],"about":[{"href":"https:\/\/www.biblioteka-sepolno.pl\/en\/wp-json\/wp\/v2\/types\/post"}],"author":[{"embeddable":true,"href":"https:\/\/www.biblioteka-sepolno.pl\/en\/wp-json\/wp\/v2\/users\/5"}],"replies":[{"embeddable":true,"href":"https:\/\/www.biblioteka-sepolno.pl\/en\/wp-json\/wp\/v2\/comments?post=16027"}],"version-history":[{"count":1,"href":"https:\/\/www.biblioteka-sepolno.pl\/en\/wp-json\/wp\/v2\/posts\/16027\/revisions"}],"predecessor-version":[{"id":16029,"href":"https:\/\/www.biblioteka-sepolno.pl\/en\/wp-json\/wp\/v2\/posts\/16027\/revisions\/16029"}],"wp:featuredmedia":[{"embeddable":true,"href":"https:\/\/www.biblioteka-sepolno.pl\/en\/wp-json\/wp\/v2\/media\/16028"}],"wp:attachment":[{"href":"https:\/\/www.biblioteka-sepolno.pl\/en\/wp-json\/wp\/v2\/media?parent=16027"}],"wp:term":[{"taxonomy":"category","embeddable":true,"href":"https:\/\/www.biblioteka-sepolno.pl\/en\/wp-json\/wp\/v2\/categories?post=16027"},{"taxonomy":"post_tag","embeddable":true,"href":"https:\/\/www.biblioteka-sepolno.pl\/en\/wp-json\/wp\/v2\/tags?post=16027"}],"curies":[{"name":"wp","href":"https:\/\/api.w.org\/{rel}","templated":true}]}}