{"id":16054,"date":"2023-08-10T15:12:23","date_gmt":"2023-08-10T14:12:23","guid":{"rendered":"https:\/\/www.biblioteka-sepolno.pl\/?p=16054"},"modified":"2023-08-10T15:12:36","modified_gmt":"2023-08-10T14:12:36","slug":"16054","status":"publish","type":"post","link":"https:\/\/www.biblioteka-sepolno.pl\/en\/news\/16054","title":{"rendered":"Ba\u015bnie okiem dziecka"},"content":{"rendered":"<p>Stowarzyszenie \u201eTrzecie Miejsce\u201d jeszcze przed wakacjami og\u0142osi\u0142o dwa konkursy plastyczne dla dzieci z Gminy S\u0119p\u00f3lno Kraje\u0144skie. Pierwszy konkurs pt. \u201eW poszukiwaniu Kr\u00f3lowej Bajki\u201d, przeznaczony dla dzieci w wieku 5 &#8211; 8 lat, zainspirowany by\u0142 obrazem znajduj\u0105cym si\u0119 w s\u0119pole\u0144skiej bibliotece, kt\u00f3ry od wielu pokole\u0144 wita najm\u0142odszych czytelnik\u00f3w. Obraz przedstawia Bajark\u0119 opowiadaj\u0105c\u0105 dzieciom najpi\u0119kniejsze ba\u015bnie polskie. Zadaniem uczestnik\u00f3w konkursu by\u0142o namalowa\u0107 jak ich zdaniem powinna wygl\u0105da\u0107 Kr\u00f3lowa Bajki.<br>Do wykonania prac dzieci wykorzysta\u0142y r\u00f3\u017cnorodne materia\u0142y plastyczne: wst\u0105\u017cki, koraliki, kolorowe serwetki, kt\u00f3re arty\u015bci wkomponowali w swoje prace. Jury w sk\u0142adzie: <strong>Joanna Jele\u0144, Edyta Kapusta i Mariola Bartysiewicz <\/strong>wybra\u0142o najciekawsze prace. Pierwsze miejsce otrzyma\u0142a <strong>Lena Szumotalska<\/strong>, drugie <strong>Zofia Herman,<\/strong> trzecie <strong>Natalia Herman<\/strong>. Ponadto zosta\u0142y wyr\u00f3\u017cnione prace <strong>Mii Dost, Hanny Nowak, Ignacego Swakowskiego.<\/strong><br>Drugi konkurs plastyczny pt. \u201eKr\u00f3lestwo ba\u015bni i legend polskich\u201d przeznaczony by\u0142 dla dzieci w wieku 7 &#8211; 10 lat. Zadaniem uczestnik\u00f3w by\u0142o wykonanie pracy plastycznej przedstawiaj\u0105cej\u00a0bajkow\u0105 krain\u0119,\u00a0kt\u00f3r\u0105 spotka\u0107 mo\u017cna w polskich ba\u015bniach. Namalowana przez uczestnik\u00f3w zaczarowana kraina przenios\u0142a nas w \u015bwiat fantazji, gdzie mo\u017cna by\u0142o spotka\u0107 lataj\u0105ce smoki, kolorowe motyle czy \u015bwiat podwodny. Najciekawsze wed\u0142ug jury prace wykonali: <strong>Hanna Nowicka <\/strong>\u2013 pierwsze miejsce,<strong> Anna Wolska<\/strong> \u2013 drugie miejsce,<br><strong>Robert Czachor<\/strong> \u2013 trzecie miejsce. Wyr\u00f3\u017cniono prace: <strong>Rafa\u0142a Jab\u0142o\u0144skiego<\/strong>, <strong>Oliwii Rygielskiej i Jana Ko\u015bcielaka.<\/strong><br>Konkursy cieszy\u0142y si\u0119 du\u017cym zainteresowaniem. \u0141\u0105cznie wp\u0142yn\u0119\u0142o 85 prac konkursowych. Z tego powodu przyznano dodatkowe nagrody ufundowane przez Bibliotek\u0119 Publiczn\u0105 im. Jaros\u0142awa Iwaszkiewicza oraz Firm\u0119 Us\u0142ugowo &#8211; Wydawnicz\u0105 &#8222;DANIEL&#8221; w S\u0119p\u00f3lnie Kraje\u0144skim, za co serdecznie dzi\u0119kujemy. Nagrody te otrzymali:<br><strong>Luiza Muller, Antonina Dworak, Tomasz Dams, Natalia Ferensztain<\/strong> oraz uczniowie <strong>Specjalnego O\u015brodka Szkolno \u2013 Wychowawczego w S\u0119p\u00f3lnie Kraje\u0144skim<\/strong> \u2013 <strong>Sandra J\u0119drzejczyk, Hubert Siuda, Mi\u0142osz Dominiak, Micha\u0142 Duber, Maciej \u015awietlikowi i Dominik Gaca.<\/strong><\/p>\n\n\n\n<p>Uroczyste wr\u0119czenie nagr\u00f3d dla wszystkich finalist\u00f3w odby\u0142o si\u0119 9.08.2023 r. Prace plastycznez realizacji konkursu wyeksponowano na wystawie. Ogl\u0105da\u0107 je mo\u017cna w Oddziale dla dzieci\u00a0Biblioteki Publicznej im. Jaros\u0142awa Iwaszkiewicza w S\u0119p\u00f3lnie Kraje\u0144skim. Konkursy zorganizowano w ramach projektu \u201eKr\u00f3lestwo Bajki, czyli historia jednego obrazu\u201d. Projekt finansowany by\u0142 ze \u015brodk\u00f3w Gminy S\u0119p\u00f3lno Kraje\u0144skie, a realizowany przez Stowarzyszenie \u201eTrzecie Miejsce\u201d przy wsp\u00f3\u0142pracy z s\u0119pole\u0144sk\u0105 bibliotek\u0105.<\/p>\n\n\n\n<figure class=\"wp-block-gallery has-nested-images columns-default is-cropped wp-block-gallery-1 is-layout-flex wp-block-gallery-is-layout-flex\">\n<figure class=\"wp-block-image size-large\"><img loading=\"lazy\" decoding=\"async\" width=\"1024\" height=\"683\" data-id=\"16055\" src=\"https:\/\/www.biblioteka-sepolno.pl\/wp-content\/uploads\/2023\/08\/DSC_0009-1024x683.jpg\" alt=\"\" class=\"wp-image-16055\" srcset=\"https:\/\/www.biblioteka-sepolno.pl\/wp-content\/uploads\/2023\/08\/DSC_0009-1024x683.jpg 1024w, https:\/\/www.biblioteka-sepolno.pl\/wp-content\/uploads\/2023\/08\/DSC_0009-300x200.jpg 300w, https:\/\/www.biblioteka-sepolno.pl\/wp-content\/uploads\/2023\/08\/DSC_0009-768x512.jpg 768w, https:\/\/www.biblioteka-sepolno.pl\/wp-content\/uploads\/2023\/08\/DSC_0009-1536x1024.jpg 1536w, https:\/\/www.biblioteka-sepolno.pl\/wp-content\/uploads\/2023\/08\/DSC_0009-2048x1365.jpg 2048w, https:\/\/www.biblioteka-sepolno.pl\/wp-content\/uploads\/2023\/08\/DSC_0009-18x12.jpg 18w\" sizes=\"auto, (max-width: 1024px) 100vw, 1024px\" \/><\/figure>\n\n\n\n<figure class=\"wp-block-image size-large\"><img loading=\"lazy\" decoding=\"async\" width=\"1024\" height=\"683\" data-id=\"16056\" src=\"https:\/\/www.biblioteka-sepolno.pl\/wp-content\/uploads\/2023\/08\/DSC_0022-1024x683.jpg\" alt=\"\" class=\"wp-image-16056\" srcset=\"https:\/\/www.biblioteka-sepolno.pl\/wp-content\/uploads\/2023\/08\/DSC_0022-1024x683.jpg 1024w, https:\/\/www.biblioteka-sepolno.pl\/wp-content\/uploads\/2023\/08\/DSC_0022-300x200.jpg 300w, https:\/\/www.biblioteka-sepolno.pl\/wp-content\/uploads\/2023\/08\/DSC_0022-768x512.jpg 768w, https:\/\/www.biblioteka-sepolno.pl\/wp-content\/uploads\/2023\/08\/DSC_0022-1536x1024.jpg 1536w, https:\/\/www.biblioteka-sepolno.pl\/wp-content\/uploads\/2023\/08\/DSC_0022-2048x1365.jpg 2048w, https:\/\/www.biblioteka-sepolno.pl\/wp-content\/uploads\/2023\/08\/DSC_0022-18x12.jpg 18w\" sizes=\"auto, (max-width: 1024px) 100vw, 1024px\" \/><\/figure>\n\n\n\n<figure class=\"wp-block-image size-large\"><img loading=\"lazy\" decoding=\"async\" width=\"1024\" height=\"683\" data-id=\"16058\" src=\"https:\/\/www.biblioteka-sepolno.pl\/wp-content\/uploads\/2023\/08\/DSC_0034-1024x683.jpg\" alt=\"\" class=\"wp-image-16058\" srcset=\"https:\/\/www.biblioteka-sepolno.pl\/wp-content\/uploads\/2023\/08\/DSC_0034-1024x683.jpg 1024w, https:\/\/www.biblioteka-sepolno.pl\/wp-content\/uploads\/2023\/08\/DSC_0034-300x200.jpg 300w, https:\/\/www.biblioteka-sepolno.pl\/wp-content\/uploads\/2023\/08\/DSC_0034-768x512.jpg 768w, https:\/\/www.biblioteka-sepolno.pl\/wp-content\/uploads\/2023\/08\/DSC_0034-1536x1024.jpg 1536w, https:\/\/www.biblioteka-sepolno.pl\/wp-content\/uploads\/2023\/08\/DSC_0034-2048x1365.jpg 2048w, https:\/\/www.biblioteka-sepolno.pl\/wp-content\/uploads\/2023\/08\/DSC_0034-18x12.jpg 18w\" sizes=\"auto, (max-width: 1024px) 100vw, 1024px\" \/><\/figure>\n\n\n\n<figure class=\"wp-block-image size-large\"><img loading=\"lazy\" decoding=\"async\" width=\"1024\" height=\"683\" data-id=\"16059\" src=\"https:\/\/www.biblioteka-sepolno.pl\/wp-content\/uploads\/2023\/08\/DSC_0039-1024x683.jpg\" alt=\"\" class=\"wp-image-16059\" srcset=\"https:\/\/www.biblioteka-sepolno.pl\/wp-content\/uploads\/2023\/08\/DSC_0039-1024x683.jpg 1024w, https:\/\/www.biblioteka-sepolno.pl\/wp-content\/uploads\/2023\/08\/DSC_0039-300x200.jpg 300w, https:\/\/www.biblioteka-sepolno.pl\/wp-content\/uploads\/2023\/08\/DSC_0039-768x512.jpg 768w, https:\/\/www.biblioteka-sepolno.pl\/wp-content\/uploads\/2023\/08\/DSC_0039-1536x1024.jpg 1536w, https:\/\/www.biblioteka-sepolno.pl\/wp-content\/uploads\/2023\/08\/DSC_0039-2048x1365.jpg 2048w, https:\/\/www.biblioteka-sepolno.pl\/wp-content\/uploads\/2023\/08\/DSC_0039-18x12.jpg 18w\" sizes=\"auto, (max-width: 1024px) 100vw, 1024px\" \/><\/figure>\n\n\n\n<figure class=\"wp-block-image size-large\"><img loading=\"lazy\" decoding=\"async\" width=\"1024\" height=\"683\" data-id=\"16060\" src=\"https:\/\/www.biblioteka-sepolno.pl\/wp-content\/uploads\/2023\/08\/DSC_0048-1024x683.jpg\" alt=\"\" class=\"wp-image-16060\" srcset=\"https:\/\/www.biblioteka-sepolno.pl\/wp-content\/uploads\/2023\/08\/DSC_0048-1024x683.jpg 1024w, https:\/\/www.biblioteka-sepolno.pl\/wp-content\/uploads\/2023\/08\/DSC_0048-300x200.jpg 300w, https:\/\/www.biblioteka-sepolno.pl\/wp-content\/uploads\/2023\/08\/DSC_0048-768x512.jpg 768w, https:\/\/www.biblioteka-sepolno.pl\/wp-content\/uploads\/2023\/08\/DSC_0048-1536x1024.jpg 1536w, https:\/\/www.biblioteka-sepolno.pl\/wp-content\/uploads\/2023\/08\/DSC_0048-2048x1365.jpg 2048w, https:\/\/www.biblioteka-sepolno.pl\/wp-content\/uploads\/2023\/08\/DSC_0048-18x12.jpg 18w\" sizes=\"auto, (max-width: 1024px) 100vw, 1024px\" \/><\/figure>\n\n\n\n<figure class=\"wp-block-image size-large\"><img loading=\"lazy\" decoding=\"async\" width=\"1024\" height=\"683\" data-id=\"16057\" src=\"https:\/\/www.biblioteka-sepolno.pl\/wp-content\/uploads\/2023\/08\/DSC_0051-1024x683.jpg\" alt=\"\" class=\"wp-image-16057\" srcset=\"https:\/\/www.biblioteka-sepolno.pl\/wp-content\/uploads\/2023\/08\/DSC_0051-1024x683.jpg 1024w, https:\/\/www.biblioteka-sepolno.pl\/wp-content\/uploads\/2023\/08\/DSC_0051-300x200.jpg 300w, https:\/\/www.biblioteka-sepolno.pl\/wp-content\/uploads\/2023\/08\/DSC_0051-768x512.jpg 768w, https:\/\/www.biblioteka-sepolno.pl\/wp-content\/uploads\/2023\/08\/DSC_0051-1536x1024.jpg 1536w, https:\/\/www.biblioteka-sepolno.pl\/wp-content\/uploads\/2023\/08\/DSC_0051-2048x1365.jpg 2048w, https:\/\/www.biblioteka-sepolno.pl\/wp-content\/uploads\/2023\/08\/DSC_0051-18x12.jpg 18w\" sizes=\"auto, (max-width: 1024px) 100vw, 1024px\" \/><\/figure>\n\n\n\n<figure class=\"wp-block-image size-large\"><img loading=\"lazy\" decoding=\"async\" width=\"1024\" height=\"683\" data-id=\"16061\" src=\"https:\/\/www.biblioteka-sepolno.pl\/wp-content\/uploads\/2023\/08\/DSC_0052-1024x683.jpg\" alt=\"\" class=\"wp-image-16061\" srcset=\"https:\/\/www.biblioteka-sepolno.pl\/wp-content\/uploads\/2023\/08\/DSC_0052-1024x683.jpg 1024w, https:\/\/www.biblioteka-sepolno.pl\/wp-content\/uploads\/2023\/08\/DSC_0052-300x200.jpg 300w, https:\/\/www.biblioteka-sepolno.pl\/wp-content\/uploads\/2023\/08\/DSC_0052-768x512.jpg 768w, https:\/\/www.biblioteka-sepolno.pl\/wp-content\/uploads\/2023\/08\/DSC_0052-1536x1024.jpg 1536w, https:\/\/www.biblioteka-sepolno.pl\/wp-content\/uploads\/2023\/08\/DSC_0052-2048x1365.jpg 2048w, https:\/\/www.biblioteka-sepolno.pl\/wp-content\/uploads\/2023\/08\/DSC_0052-18x12.jpg 18w\" sizes=\"auto, (max-width: 1024px) 100vw, 1024px\" \/><\/figure>\n\n\n\n<figure class=\"wp-block-image size-large\"><img loading=\"lazy\" decoding=\"async\" width=\"1024\" height=\"683\" data-id=\"16063\" src=\"https:\/\/www.biblioteka-sepolno.pl\/wp-content\/uploads\/2023\/08\/DSC_0060-1024x683.jpg\" alt=\"\" class=\"wp-image-16063\" srcset=\"https:\/\/www.biblioteka-sepolno.pl\/wp-content\/uploads\/2023\/08\/DSC_0060-1024x683.jpg 1024w, https:\/\/www.biblioteka-sepolno.pl\/wp-content\/uploads\/2023\/08\/DSC_0060-300x200.jpg 300w, https:\/\/www.biblioteka-sepolno.pl\/wp-content\/uploads\/2023\/08\/DSC_0060-768x512.jpg 768w, https:\/\/www.biblioteka-sepolno.pl\/wp-content\/uploads\/2023\/08\/DSC_0060-1536x1024.jpg 1536w, https:\/\/www.biblioteka-sepolno.pl\/wp-content\/uploads\/2023\/08\/DSC_0060-2048x1365.jpg 2048w, https:\/\/www.biblioteka-sepolno.pl\/wp-content\/uploads\/2023\/08\/DSC_0060-18x12.jpg 18w\" sizes=\"auto, (max-width: 1024px) 100vw, 1024px\" \/><\/figure>\n\n\n\n<figure class=\"wp-block-image size-large\"><img loading=\"lazy\" decoding=\"async\" width=\"1024\" height=\"683\" data-id=\"16064\" src=\"https:\/\/www.biblioteka-sepolno.pl\/wp-content\/uploads\/2023\/08\/DSC_0097-1024x683.jpg\" alt=\"\" class=\"wp-image-16064\" srcset=\"https:\/\/www.biblioteka-sepolno.pl\/wp-content\/uploads\/2023\/08\/DSC_0097-1024x683.jpg 1024w, https:\/\/www.biblioteka-sepolno.pl\/wp-content\/uploads\/2023\/08\/DSC_0097-300x200.jpg 300w, https:\/\/www.biblioteka-sepolno.pl\/wp-content\/uploads\/2023\/08\/DSC_0097-768x512.jpg 768w, https:\/\/www.biblioteka-sepolno.pl\/wp-content\/uploads\/2023\/08\/DSC_0097-1536x1024.jpg 1536w, https:\/\/www.biblioteka-sepolno.pl\/wp-content\/uploads\/2023\/08\/DSC_0097-2048x1365.jpg 2048w, https:\/\/www.biblioteka-sepolno.pl\/wp-content\/uploads\/2023\/08\/DSC_0097-18x12.jpg 18w\" sizes=\"auto, (max-width: 1024px) 100vw, 1024px\" \/><\/figure>\n\n\n\n<figure class=\"wp-block-image size-large\"><img loading=\"lazy\" decoding=\"async\" width=\"1024\" height=\"683\" data-id=\"16066\" src=\"https:\/\/www.biblioteka-sepolno.pl\/wp-content\/uploads\/2023\/08\/DSC_0108-1024x683.jpg\" alt=\"\" class=\"wp-image-16066\" srcset=\"https:\/\/www.biblioteka-sepolno.pl\/wp-content\/uploads\/2023\/08\/DSC_0108-1024x683.jpg 1024w, https:\/\/www.biblioteka-sepolno.pl\/wp-content\/uploads\/2023\/08\/DSC_0108-300x200.jpg 300w, https:\/\/www.biblioteka-sepolno.pl\/wp-content\/uploads\/2023\/08\/DSC_0108-768x512.jpg 768w, https:\/\/www.biblioteka-sepolno.pl\/wp-content\/uploads\/2023\/08\/DSC_0108-1536x1024.jpg 1536w, https:\/\/www.biblioteka-sepolno.pl\/wp-content\/uploads\/2023\/08\/DSC_0108-2048x1365.jpg 2048w, https:\/\/www.biblioteka-sepolno.pl\/wp-content\/uploads\/2023\/08\/DSC_0108-18x12.jpg 18w\" sizes=\"auto, (max-width: 1024px) 100vw, 1024px\" \/><\/figure>\n\n\n\n<figure class=\"wp-block-image size-large\"><img loading=\"lazy\" decoding=\"async\" width=\"1024\" height=\"683\" data-id=\"16065\" src=\"https:\/\/www.biblioteka-sepolno.pl\/wp-content\/uploads\/2023\/08\/DSC_0113-1024x683.jpg\" alt=\"\" class=\"wp-image-16065\" srcset=\"https:\/\/www.biblioteka-sepolno.pl\/wp-content\/uploads\/2023\/08\/DSC_0113-1024x683.jpg 1024w, https:\/\/www.biblioteka-sepolno.pl\/wp-content\/uploads\/2023\/08\/DSC_0113-300x200.jpg 300w, https:\/\/www.biblioteka-sepolno.pl\/wp-content\/uploads\/2023\/08\/DSC_0113-768x512.jpg 768w, https:\/\/www.biblioteka-sepolno.pl\/wp-content\/uploads\/2023\/08\/DSC_0113-1536x1024.jpg 1536w, https:\/\/www.biblioteka-sepolno.pl\/wp-content\/uploads\/2023\/08\/DSC_0113-2048x1365.jpg 2048w, https:\/\/www.biblioteka-sepolno.pl\/wp-content\/uploads\/2023\/08\/DSC_0113-18x12.jpg 18w\" sizes=\"auto, (max-width: 1024px) 100vw, 1024px\" \/><\/figure>\n\n\n\n<figure class=\"wp-block-image size-large\"><img loading=\"lazy\" decoding=\"async\" width=\"1024\" height=\"683\" data-id=\"16067\" src=\"https:\/\/www.biblioteka-sepolno.pl\/wp-content\/uploads\/2023\/08\/DSC_0115-1024x683.jpg\" alt=\"\" class=\"wp-image-16067\" srcset=\"https:\/\/www.biblioteka-sepolno.pl\/wp-content\/uploads\/2023\/08\/DSC_0115-1024x683.jpg 1024w, https:\/\/www.biblioteka-sepolno.pl\/wp-content\/uploads\/2023\/08\/DSC_0115-300x200.jpg 300w, https:\/\/www.biblioteka-sepolno.pl\/wp-content\/uploads\/2023\/08\/DSC_0115-768x512.jpg 768w, https:\/\/www.biblioteka-sepolno.pl\/wp-content\/uploads\/2023\/08\/DSC_0115-1536x1024.jpg 1536w, https:\/\/www.biblioteka-sepolno.pl\/wp-content\/uploads\/2023\/08\/DSC_0115-2048x1365.jpg 2048w, https:\/\/www.biblioteka-sepolno.pl\/wp-content\/uploads\/2023\/08\/DSC_0115-18x12.jpg 18w\" sizes=\"auto, (max-width: 1024px) 100vw, 1024px\" \/><\/figure>\n\n\n\n<figure class=\"wp-block-image size-large\"><img loading=\"lazy\" decoding=\"async\" width=\"1024\" height=\"683\" data-id=\"16068\" src=\"https:\/\/www.biblioteka-sepolno.pl\/wp-content\/uploads\/2023\/08\/DSC_0117-1024x683.jpg\" alt=\"\" class=\"wp-image-16068\" srcset=\"https:\/\/www.biblioteka-sepolno.pl\/wp-content\/uploads\/2023\/08\/DSC_0117-1024x683.jpg 1024w, https:\/\/www.biblioteka-sepolno.pl\/wp-content\/uploads\/2023\/08\/DSC_0117-300x200.jpg 300w, https:\/\/www.biblioteka-sepolno.pl\/wp-content\/uploads\/2023\/08\/DSC_0117-768x512.jpg 768w, https:\/\/www.biblioteka-sepolno.pl\/wp-content\/uploads\/2023\/08\/DSC_0117-1536x1024.jpg 1536w, https:\/\/www.biblioteka-sepolno.pl\/wp-content\/uploads\/2023\/08\/DSC_0117-2048x1365.jpg 2048w, https:\/\/www.biblioteka-sepolno.pl\/wp-content\/uploads\/2023\/08\/DSC_0117-18x12.jpg 18w\" sizes=\"auto, (max-width: 1024px) 100vw, 1024px\" \/><\/figure>\n\n\n\n<figure class=\"wp-block-image size-large\"><img loading=\"lazy\" decoding=\"async\" width=\"1024\" height=\"683\" data-id=\"16069\" src=\"https:\/\/www.biblioteka-sepolno.pl\/wp-content\/uploads\/2023\/08\/DSC_0123-1024x683.jpg\" alt=\"\" class=\"wp-image-16069\" srcset=\"https:\/\/www.biblioteka-sepolno.pl\/wp-content\/uploads\/2023\/08\/DSC_0123-1024x683.jpg 1024w, https:\/\/www.biblioteka-sepolno.pl\/wp-content\/uploads\/2023\/08\/DSC_0123-300x200.jpg 300w, https:\/\/www.biblioteka-sepolno.pl\/wp-content\/uploads\/2023\/08\/DSC_0123-768x512.jpg 768w, https:\/\/www.biblioteka-sepolno.pl\/wp-content\/uploads\/2023\/08\/DSC_0123-1536x1024.jpg 1536w, https:\/\/www.biblioteka-sepolno.pl\/wp-content\/uploads\/2023\/08\/DSC_0123-2048x1365.jpg 2048w, https:\/\/www.biblioteka-sepolno.pl\/wp-content\/uploads\/2023\/08\/DSC_0123-18x12.jpg 18w\" sizes=\"auto, (max-width: 1024px) 100vw, 1024px\" \/><\/figure>\n\n\n\n<figure class=\"wp-block-image size-large\"><img loading=\"lazy\" decoding=\"async\" width=\"1024\" height=\"683\" data-id=\"16070\" src=\"https:\/\/www.biblioteka-sepolno.pl\/wp-content\/uploads\/2023\/08\/DSC_0127-1-1024x683.jpg\" alt=\"\" class=\"wp-image-16070\" srcset=\"https:\/\/www.biblioteka-sepolno.pl\/wp-content\/uploads\/2023\/08\/DSC_0127-1-1024x683.jpg 1024w, https:\/\/www.biblioteka-sepolno.pl\/wp-content\/uploads\/2023\/08\/DSC_0127-1-300x200.jpg 300w, https:\/\/www.biblioteka-sepolno.pl\/wp-content\/uploads\/2023\/08\/DSC_0127-1-768x512.jpg 768w, https:\/\/www.biblioteka-sepolno.pl\/wp-content\/uploads\/2023\/08\/DSC_0127-1-1536x1024.jpg 1536w, https:\/\/www.biblioteka-sepolno.pl\/wp-content\/uploads\/2023\/08\/DSC_0127-1-2048x1365.jpg 2048w, https:\/\/www.biblioteka-sepolno.pl\/wp-content\/uploads\/2023\/08\/DSC_0127-1-18x12.jpg 18w\" sizes=\"auto, (max-width: 1024px) 100vw, 1024px\" \/><\/figure>\n<\/figure>","protected":false},"excerpt":{"rendered":"<p>Stowarzyszenie \u201eTrzecie Miejsce\u201d jeszcze przed wakacjami og\u0142osi\u0142o dwa konkursy plastyczne dla dzieci z Gminy S\u0119p\u00f3lno Kraje\u0144skie. Pierwszy konkurs pt. \u201eW poszukiwaniu Kr\u00f3lowej Bajki\u201d, przeznaczony dla dzieci w wieku 5 &#8211; 8 lat, zainspirowany by\u0142 obrazem znajduj\u0105cym si\u0119 w s\u0119pole\u0144skiej bibliotece, kt\u00f3ry od wielu pokole\u0144 wita najm\u0142odszych czytelnik\u00f3w. Obraz przedstawia Bajark\u0119 opowiadaj\u0105c\u0105 dzieciom najpi\u0119kniejsze ba\u015bnie polskie. <a href=\"https:\/\/www.biblioteka-sepolno.pl\/en\/news\/16054\" class=\"more-link\">&#8230;<span class=\"screen-reader-text\">  Ba\u015bnie okiem dziecka<\/span><\/a><\/p>","protected":false},"author":5,"featured_media":16062,"comment_status":"closed","ping_status":"closed","sticky":false,"template":"","format":"standard","meta":{"_acf_changed":false,"footnotes":""},"categories":[6],"tags":[],"class_list":["post-16054","post","type-post","status-publish","format-standard","has-post-thumbnail","hentry","category-news"],"acf":[],"_links":{"self":[{"href":"https:\/\/www.biblioteka-sepolno.pl\/en\/wp-json\/wp\/v2\/posts\/16054","targetHints":{"allow":["GET"]}}],"collection":[{"href":"https:\/\/www.biblioteka-sepolno.pl\/en\/wp-json\/wp\/v2\/posts"}],"about":[{"href":"https:\/\/www.biblioteka-sepolno.pl\/en\/wp-json\/wp\/v2\/types\/post"}],"author":[{"embeddable":true,"href":"https:\/\/www.biblioteka-sepolno.pl\/en\/wp-json\/wp\/v2\/users\/5"}],"replies":[{"embeddable":true,"href":"https:\/\/www.biblioteka-sepolno.pl\/en\/wp-json\/wp\/v2\/comments?post=16054"}],"version-history":[{"count":2,"href":"https:\/\/www.biblioteka-sepolno.pl\/en\/wp-json\/wp\/v2\/posts\/16054\/revisions"}],"predecessor-version":[{"id":16072,"href":"https:\/\/www.biblioteka-sepolno.pl\/en\/wp-json\/wp\/v2\/posts\/16054\/revisions\/16072"}],"wp:featuredmedia":[{"embeddable":true,"href":"https:\/\/www.biblioteka-sepolno.pl\/en\/wp-json\/wp\/v2\/media\/16062"}],"wp:attachment":[{"href":"https:\/\/www.biblioteka-sepolno.pl\/en\/wp-json\/wp\/v2\/media?parent=16054"}],"wp:term":[{"taxonomy":"category","embeddable":true,"href":"https:\/\/www.biblioteka-sepolno.pl\/en\/wp-json\/wp\/v2\/categories?post=16054"},{"taxonomy":"post_tag","embeddable":true,"href":"https:\/\/www.biblioteka-sepolno.pl\/en\/wp-json\/wp\/v2\/tags?post=16054"}],"curies":[{"name":"wp","href":"https:\/\/api.w.org\/{rel}","templated":true}]}}