{"id":16096,"date":"2023-09-08T09:19:14","date_gmt":"2023-09-08T08:19:14","guid":{"rendered":"https:\/\/www.biblioteka-sepolno.pl\/?p=16096"},"modified":"2023-09-08T09:19:41","modified_gmt":"2023-09-08T08:19:41","slug":"16096","status":"publish","type":"post","link":"https:\/\/www.biblioteka-sepolno.pl\/en\/news\/16096","title":{"rendered":"Spotkanie z Olg\u0105 Stelmach"},"content":{"rendered":"<p>Mamy ogromn\u0105 przyjemno\u015b\u0107 zaprosi\u0107 na spotkanie z pani\u0105 <strong>Olg\u0105 Stelmach<\/strong> \u2013 autork\u0105 najwi\u0119kszej haftowanej ksi\u0105\u017cki w Polsce, kt\u00f3re odb\u0119dzie si\u0119 <strong>15 wrze\u015bnia (pi\u0105tek) o godzinie 16:00.<\/strong><\/p>\n\n\n\n<p>Haftowana ksi\u0105\u017cka sensoryczna pani Olgi pt.<em>\u00a0 \u201eO czym milczy misio\u201d<\/em> zosta\u0142a wpisana do Ksi\u0119gi Rekord\u00f3w Polski. Jest to pierwsza w Polsce, a dopiero druga na \u015bwiecie taka ksi\u0105\u017cka. Powsta\u0142a \u00a0w 2021 roku w Szczytnie w gminie Przechlewo na Pomorzu.\u00a0 Liczy 20 stron.<\/p>\n\n\n\n<p>Spotkanie, kt\u00f3re skierowane jest do dzieci w wieku przedszkolnym, wczesnoszkolnym oraz ich opiekun\u00f3w ma charakter otwarty, a wst\u0119p jest bezp\u0142atny.<\/p>\n\n\n\n<figure class=\"wp-block-gallery has-nested-images columns-default is-cropped wp-block-gallery-1 is-layout-flex wp-block-gallery-is-layout-flex\">\n<figure class=\"wp-block-image size-large\"><img loading=\"lazy\" decoding=\"async\" width=\"724\" height=\"1024\" data-id=\"16097\" src=\"https:\/\/www.biblioteka-sepolno.pl\/wp-content\/uploads\/2023\/09\/15-wrzesnia-godz.-1600-724x1024.jpg\" alt=\"\" class=\"wp-image-16097\" srcset=\"https:\/\/www.biblioteka-sepolno.pl\/wp-content\/uploads\/2023\/09\/15-wrzesnia-godz.-1600-724x1024.jpg 724w, https:\/\/www.biblioteka-sepolno.pl\/wp-content\/uploads\/2023\/09\/15-wrzesnia-godz.-1600-212x300.jpg 212w, https:\/\/www.biblioteka-sepolno.pl\/wp-content\/uploads\/2023\/09\/15-wrzesnia-godz.-1600-768x1086.jpg 768w, https:\/\/www.biblioteka-sepolno.pl\/wp-content\/uploads\/2023\/09\/15-wrzesnia-godz.-1600-1086x1536.jpg 1086w, https:\/\/www.biblioteka-sepolno.pl\/wp-content\/uploads\/2023\/09\/15-wrzesnia-godz.-1600-1448x2048.jpg 1448w, https:\/\/www.biblioteka-sepolno.pl\/wp-content\/uploads\/2023\/09\/15-wrzesnia-godz.-1600-8x12.jpg 8w, https:\/\/www.biblioteka-sepolno.pl\/wp-content\/uploads\/2023\/09\/15-wrzesnia-godz.-1600.jpg 1587w\" sizes=\"auto, (max-width: 724px) 100vw, 724px\" \/><\/figure>\n<\/figure>","protected":false},"excerpt":{"rendered":"<p>Mamy ogromn\u0105 przyjemno\u015b\u0107 zaprosi\u0107 na spotkanie z pani\u0105 Olg\u0105 Stelmach \u2013 autork\u0105 najwi\u0119kszej haftowanej ksi\u0105\u017cki w Polsce, kt\u00f3re odb\u0119dzie si\u0119 15 wrze\u015bnia (pi\u0105tek) o godzinie 16:00. Haftowana ksi\u0105\u017cka sensoryczna pani Olgi pt.\u00a0 \u201eO czym milczy misio\u201d zosta\u0142a wpisana do Ksi\u0119gi Rekord\u00f3w Polski. Jest to pierwsza w Polsce, a dopiero druga na \u015bwiecie taka ksi\u0105\u017cka. Powsta\u0142a <a href=\"https:\/\/www.biblioteka-sepolno.pl\/en\/news\/16096\" class=\"more-link\">&#8230;<span class=\"screen-reader-text\">  Spotkanie z Olg\u0105 Stelmach<\/span><\/a><\/p>","protected":false},"author":5,"featured_media":16097,"comment_status":"closed","ping_status":"closed","sticky":false,"template":"","format":"standard","meta":{"_acf_changed":false,"footnotes":""},"categories":[6],"tags":[],"class_list":["post-16096","post","type-post","status-publish","format-standard","has-post-thumbnail","hentry","category-news"],"acf":[],"_links":{"self":[{"href":"https:\/\/www.biblioteka-sepolno.pl\/en\/wp-json\/wp\/v2\/posts\/16096","targetHints":{"allow":["GET"]}}],"collection":[{"href":"https:\/\/www.biblioteka-sepolno.pl\/en\/wp-json\/wp\/v2\/posts"}],"about":[{"href":"https:\/\/www.biblioteka-sepolno.pl\/en\/wp-json\/wp\/v2\/types\/post"}],"author":[{"embeddable":true,"href":"https:\/\/www.biblioteka-sepolno.pl\/en\/wp-json\/wp\/v2\/users\/5"}],"replies":[{"embeddable":true,"href":"https:\/\/www.biblioteka-sepolno.pl\/en\/wp-json\/wp\/v2\/comments?post=16096"}],"version-history":[{"count":2,"href":"https:\/\/www.biblioteka-sepolno.pl\/en\/wp-json\/wp\/v2\/posts\/16096\/revisions"}],"predecessor-version":[{"id":16099,"href":"https:\/\/www.biblioteka-sepolno.pl\/en\/wp-json\/wp\/v2\/posts\/16096\/revisions\/16099"}],"wp:featuredmedia":[{"embeddable":true,"href":"https:\/\/www.biblioteka-sepolno.pl\/en\/wp-json\/wp\/v2\/media\/16097"}],"wp:attachment":[{"href":"https:\/\/www.biblioteka-sepolno.pl\/en\/wp-json\/wp\/v2\/media?parent=16096"}],"wp:term":[{"taxonomy":"category","embeddable":true,"href":"https:\/\/www.biblioteka-sepolno.pl\/en\/wp-json\/wp\/v2\/categories?post=16096"},{"taxonomy":"post_tag","embeddable":true,"href":"https:\/\/www.biblioteka-sepolno.pl\/en\/wp-json\/wp\/v2\/tags?post=16096"}],"curies":[{"name":"wp","href":"https:\/\/api.w.org\/{rel}","templated":true}]}}