{"id":16320,"date":"2023-12-04T10:52:29","date_gmt":"2023-12-04T09:52:29","guid":{"rendered":"https:\/\/www.biblioteka-sepolno.pl\/?p=16320"},"modified":"2023-12-04T10:52:29","modified_gmt":"2023-12-04T09:52:29","slug":"elfy-ratunku","status":"publish","type":"post","link":"https:\/\/www.biblioteka-sepolno.pl\/en\/news\/elfy-ratunku","title":{"rendered":"Elfy\u2026 ratunku!"},"content":{"rendered":"<p>Zapraszamy wszystkich ma\u0142ych pomocnik\u00f3w Miko\u0142aja oraz ich opiekun\u00f3w na zaj\u0119cia literacko \u2013 plastyczne pt. \u201eElfy na ratunek\u201d. Zaj\u0119cia inspirowane s\u0105 ksi\u0105\u017ck\u0105 Barbary Supe\u0142.<\/p>\n\n\n\n<p>W trakcie spotkania uczestnicy prze\u017cyj\u0105 \u015bwi\u0105teczn\u0105 przygod\u0119 z bardzo pracowitymi elfami, kt\u00f3re ze wzgl\u0119du na gryp\u0119 renifer\u00f3w w tym roku maj\u0105 jeszcze wi\u0119cej pracy ni\u017c zazwyczaj! Wsp\u00f3lnie przygotujemy miko\u0142ajkowe &nbsp;prace plastyczne oraz aby tradycji sta\u0142o si\u0119 zado\u015b\u0107 \u2013 udekorujemy biblioteczn\u0105 choink\u0119.<\/p>\n\n\n\n<p>Widzimy si\u0119 ju\u017c 07.12.2023 r. o godzinie 15:30. Wst\u0119p wolny. Mile widziane miko\u0142ajkowe czapeczki. \u00a0\u00a0<br>\u00a0\u00a0\u00a0\u00a0\u00a0\u00a0\u00a0\u00a0\u00a0\u00a0\u00a0\u00a0\u00a0\u00a0\u00a0\u00a0\u00a0\u00a0\u00a0\u00a0\u00a0\u00a0\u00a0 \u00a0\u00a0\u00a0\u00a0\u00a0\u00a0\u00a0\u00a0\u00a0\u00a0\u00a0\u00a0\u00a0\u00a0\u00a0\u00a0\u00a0\u00a0\u00a0\u00a0\u00a0\u00a0\u00a0\u00a0\u00a0\u00a0\u00a0\u00a0\u00a0\u00a0\u00a0\u00a0\u00a0\u00a0\u00a0\u00a0\u00a0\u00a0\u00a0\u00a0\u00a0\u00a0\u00a0\u00a0\u00a0\u00a0\u00a0\u00a0Ho, ho, ho!<\/p>\n\n\n\n<figure class=\"wp-block-gallery has-nested-images columns-default is-cropped wp-block-gallery-1 is-layout-flex wp-block-gallery-is-layout-flex\">\n<figure class=\"wp-block-image size-large\"><img loading=\"lazy\" decoding=\"async\" width=\"724\" height=\"1024\" data-id=\"16321\" src=\"https:\/\/www.biblioteka-sepolno.pl\/wp-content\/uploads\/2023\/12\/07.12.2023-724x1024.jpg\" alt=\"\" class=\"wp-image-16321\" srcset=\"https:\/\/www.biblioteka-sepolno.pl\/wp-content\/uploads\/2023\/12\/07.12.2023-724x1024.jpg 724w, https:\/\/www.biblioteka-sepolno.pl\/wp-content\/uploads\/2023\/12\/07.12.2023-212x300.jpg 212w, https:\/\/www.biblioteka-sepolno.pl\/wp-content\/uploads\/2023\/12\/07.12.2023-768x1086.jpg 768w, https:\/\/www.biblioteka-sepolno.pl\/wp-content\/uploads\/2023\/12\/07.12.2023-1086x1536.jpg 1086w, https:\/\/www.biblioteka-sepolno.pl\/wp-content\/uploads\/2023\/12\/07.12.2023-1448x2048.jpg 1448w, https:\/\/www.biblioteka-sepolno.pl\/wp-content\/uploads\/2023\/12\/07.12.2023-8x12.jpg 8w, https:\/\/www.biblioteka-sepolno.pl\/wp-content\/uploads\/2023\/12\/07.12.2023.jpg 1587w\" sizes=\"auto, (max-width: 724px) 100vw, 724px\" \/><\/figure>\n<\/figure>","protected":false},"excerpt":{"rendered":"<p>Zapraszamy wszystkich ma\u0142ych pomocnik\u00f3w Miko\u0142aja oraz ich opiekun\u00f3w na zaj\u0119cia literacko \u2013 plastyczne pt. \u201eElfy na ratunek\u201d. Zaj\u0119cia inspirowane s\u0105 ksi\u0105\u017ck\u0105 Barbary Supe\u0142. W trakcie spotkania uczestnicy prze\u017cyj\u0105 \u015bwi\u0105teczn\u0105 przygod\u0119 z bardzo pracowitymi elfami, kt\u00f3re ze wzgl\u0119du na gryp\u0119 renifer\u00f3w w tym roku maj\u0105 jeszcze wi\u0119cej pracy ni\u017c zazwyczaj! Wsp\u00f3lnie przygotujemy miko\u0142ajkowe &nbsp;prace plastyczne oraz <a href=\"https:\/\/www.biblioteka-sepolno.pl\/en\/news\/elfy-ratunku\" class=\"more-link\">&#8230;<span class=\"screen-reader-text\">  Elfy\u2026 ratunku!<\/span><\/a><\/p>","protected":false},"author":5,"featured_media":16322,"comment_status":"closed","ping_status":"closed","sticky":false,"template":"","format":"standard","meta":{"_acf_changed":false,"footnotes":""},"categories":[6],"tags":[],"class_list":["post-16320","post","type-post","status-publish","format-standard","has-post-thumbnail","hentry","category-news"],"acf":[],"_links":{"self":[{"href":"https:\/\/www.biblioteka-sepolno.pl\/en\/wp-json\/wp\/v2\/posts\/16320","targetHints":{"allow":["GET"]}}],"collection":[{"href":"https:\/\/www.biblioteka-sepolno.pl\/en\/wp-json\/wp\/v2\/posts"}],"about":[{"href":"https:\/\/www.biblioteka-sepolno.pl\/en\/wp-json\/wp\/v2\/types\/post"}],"author":[{"embeddable":true,"href":"https:\/\/www.biblioteka-sepolno.pl\/en\/wp-json\/wp\/v2\/users\/5"}],"replies":[{"embeddable":true,"href":"https:\/\/www.biblioteka-sepolno.pl\/en\/wp-json\/wp\/v2\/comments?post=16320"}],"version-history":[{"count":1,"href":"https:\/\/www.biblioteka-sepolno.pl\/en\/wp-json\/wp\/v2\/posts\/16320\/revisions"}],"predecessor-version":[{"id":16323,"href":"https:\/\/www.biblioteka-sepolno.pl\/en\/wp-json\/wp\/v2\/posts\/16320\/revisions\/16323"}],"wp:featuredmedia":[{"embeddable":true,"href":"https:\/\/www.biblioteka-sepolno.pl\/en\/wp-json\/wp\/v2\/media\/16322"}],"wp:attachment":[{"href":"https:\/\/www.biblioteka-sepolno.pl\/en\/wp-json\/wp\/v2\/media?parent=16320"}],"wp:term":[{"taxonomy":"category","embeddable":true,"href":"https:\/\/www.biblioteka-sepolno.pl\/en\/wp-json\/wp\/v2\/categories?post=16320"},{"taxonomy":"post_tag","embeddable":true,"href":"https:\/\/www.biblioteka-sepolno.pl\/en\/wp-json\/wp\/v2\/tags?post=16320"}],"curies":[{"name":"wp","href":"https:\/\/api.w.org\/{rel}","templated":true}]}}