{"id":16361,"date":"2024-01-24T12:10:04","date_gmt":"2024-01-24T11:10:04","guid":{"rendered":"https:\/\/www.biblioteka-sepolno.pl\/?p=16361"},"modified":"2024-01-24T12:10:54","modified_gmt":"2024-01-24T11:10:54","slug":"16361","status":"publish","type":"post","link":"https:\/\/www.biblioteka-sepolno.pl\/en\/news\/16361","title":{"rendered":"Nagroda za najlepiej przeprowadzon\u0105 kampani\u0119"},"content":{"rendered":"<p>Mi\u0142o nam poinformowa\u0107, \u017ce nasza biblioteka otrzyma\u0142a nagrod\u0119 specjaln\u0105 w postaci nowo\u015bci ksi\u0105\u017ckowych oraz vouchera do sieci sklepu Empik za udzia\u0142 w konkursach na najlepiej przeprowadzon\u0105 kampani\u0119 \u201eCa\u0142a Polska czyta dzieciom\u201d oraz za najciekawsze spotkanie czytelnicze Klub\u00f3w Czytaj\u0105cych Rodzin w roku 2023.<\/p>\n\n\n\n<p><a><\/a> Od wielu lat biblioteka prowadzi cykl zaj\u0119\u0107 o charakterze literacko \u2013 plastycznym pn. \u201eS\u0142owa Malowane\u201d. G\u0142o\u015bne czytanie bajek oraz wierszy pozwoli\u0142y&nbsp;najm\u0142odszym uczestnikom na poznanie utwor\u00f3w znanych autor\u00f3w pisz\u0105cych dla dzieci. W trakcie spotka\u0144, przy u\u017cyciu r\u00f3\u017cnorodnych materia\u0142\u00f3w plastycznych, dzieci tworzy\u0142y przepi\u0119kne prace plastyczne, a wszystkiemu towarzyszy\u0142a dobra zabawa. Za pomoc\u0105 teatru kamishibai przedszkolaki przedstawia\u0142y w\u0142asne interpretacje wierszy.<\/p>\n\n\n\n<p>Najwi\u0119ksz\u0105 popularno\u015bci\u0105 jednak niezmiennie, ciesz\u0105 si\u0119 spotkania z bajk\u0105 na dobranoc, kt\u00f3re<br>w ramach Klubu Czytaj\u0105cych Rodzin odbywaj\u0105 si\u0119 po dzie\u0144 dzisiejszy. Co czwartek dzieci w wieku przedszkolnym wraz z rodzicami integruj\u0105 si\u0119 wok\u00f3\u0142 ksi\u0105\u017cki i czytania, co pozwala maluchom pozna\u0107 literatur\u0119 dzieci\u0119c\u0105. Spotkaniom towarzysz\u0105 kreatywne zabawy oraz zaj\u0119cia muzyczne. Dzi\u0119ki zaanga\u017cowaniu rodzic\u00f3w i wsp\u00f3\u0142pracy ze sklepem Leo \u2013 Zabawek Kr\u00f3l mieli\u015bmy m.in. okazj\u0119 spotka\u0107 si\u0119 w bibliotece z \u201e\u017cyw\u0105\u201d Kici\u0105 Koci\u0105 \u2013 lubian\u0105 bohaterk\u0105 serii ksi\u0105\u017cek autorstwa Anity G\u0142owi\u0144skiej. Z kolei wsp\u00f3\u0142praca z \u201eFundacj\u0105 ABCXXI \u2013 Ca\u0142a Polska czyta dzieciom\u201d zaowocowa\u0142a nowymi ksi\u0105\u017ckami oraz spotkaniami autorskimi dla klubowicz\u00f3w. Cieszymy si\u0119, \u017ce nasze dzia\u0142ania zosta\u0142y docenione!<\/p>\n\n\n\n<figure class=\"wp-block-gallery has-nested-images columns-default is-cropped wp-block-gallery-1 is-layout-flex wp-block-gallery-is-layout-flex\">\n<figure class=\"wp-block-image size-large\"><img loading=\"lazy\" decoding=\"async\" width=\"1024\" height=\"683\" data-id=\"16366\" src=\"https:\/\/www.biblioteka-sepolno.pl\/wp-content\/uploads\/2024\/01\/DSC_0077-1024x683.jpg\" alt=\"\" class=\"wp-image-16366\" srcset=\"https:\/\/www.biblioteka-sepolno.pl\/wp-content\/uploads\/2024\/01\/DSC_0077-1024x683.jpg 1024w, https:\/\/www.biblioteka-sepolno.pl\/wp-content\/uploads\/2024\/01\/DSC_0077-300x200.jpg 300w, https:\/\/www.biblioteka-sepolno.pl\/wp-content\/uploads\/2024\/01\/DSC_0077-768x512.jpg 768w, https:\/\/www.biblioteka-sepolno.pl\/wp-content\/uploads\/2024\/01\/DSC_0077-1536x1024.jpg 1536w, https:\/\/www.biblioteka-sepolno.pl\/wp-content\/uploads\/2024\/01\/DSC_0077-2048x1365.jpg 2048w, https:\/\/www.biblioteka-sepolno.pl\/wp-content\/uploads\/2024\/01\/DSC_0077-18x12.jpg 18w\" sizes=\"auto, (max-width: 1024px) 100vw, 1024px\" \/><\/figure>\n\n\n\n<figure class=\"wp-block-image size-large\"><img loading=\"lazy\" decoding=\"async\" width=\"1024\" height=\"683\" data-id=\"16364\" src=\"https:\/\/www.biblioteka-sepolno.pl\/wp-content\/uploads\/2024\/01\/DSC_0152-1024x683.jpg\" alt=\"\" class=\"wp-image-16364\" srcset=\"https:\/\/www.biblioteka-sepolno.pl\/wp-content\/uploads\/2024\/01\/DSC_0152-1024x683.jpg 1024w, https:\/\/www.biblioteka-sepolno.pl\/wp-content\/uploads\/2024\/01\/DSC_0152-300x200.jpg 300w, https:\/\/www.biblioteka-sepolno.pl\/wp-content\/uploads\/2024\/01\/DSC_0152-768x512.jpg 768w, https:\/\/www.biblioteka-sepolno.pl\/wp-content\/uploads\/2024\/01\/DSC_0152-1536x1024.jpg 1536w, https:\/\/www.biblioteka-sepolno.pl\/wp-content\/uploads\/2024\/01\/DSC_0152-2048x1365.jpg 2048w, https:\/\/www.biblioteka-sepolno.pl\/wp-content\/uploads\/2024\/01\/DSC_0152-18x12.jpg 18w\" sizes=\"auto, (max-width: 1024px) 100vw, 1024px\" \/><\/figure>\n\n\n\n<figure class=\"wp-block-image size-large\"><img loading=\"lazy\" decoding=\"async\" width=\"1024\" height=\"683\" data-id=\"16362\" src=\"https:\/\/www.biblioteka-sepolno.pl\/wp-content\/uploads\/2024\/01\/DSC_0210-1024x683.jpg\" alt=\"\" class=\"wp-image-16362\" srcset=\"https:\/\/www.biblioteka-sepolno.pl\/wp-content\/uploads\/2024\/01\/DSC_0210-1024x683.jpg 1024w, https:\/\/www.biblioteka-sepolno.pl\/wp-content\/uploads\/2024\/01\/DSC_0210-300x200.jpg 300w, https:\/\/www.biblioteka-sepolno.pl\/wp-content\/uploads\/2024\/01\/DSC_0210-768x512.jpg 768w, https:\/\/www.biblioteka-sepolno.pl\/wp-content\/uploads\/2024\/01\/DSC_0210-1536x1024.jpg 1536w, https:\/\/www.biblioteka-sepolno.pl\/wp-content\/uploads\/2024\/01\/DSC_0210-2048x1365.jpg 2048w, https:\/\/www.biblioteka-sepolno.pl\/wp-content\/uploads\/2024\/01\/DSC_0210-18x12.jpg 18w\" sizes=\"auto, (max-width: 1024px) 100vw, 1024px\" \/><\/figure>\n\n\n\n<figure class=\"wp-block-image size-large\"><img loading=\"lazy\" decoding=\"async\" width=\"1024\" height=\"563\" data-id=\"16363\" src=\"https:\/\/www.biblioteka-sepolno.pl\/wp-content\/uploads\/2024\/01\/DSC_0222-1024x563.jpg\" alt=\"\" class=\"wp-image-16363\" srcset=\"https:\/\/www.biblioteka-sepolno.pl\/wp-content\/uploads\/2024\/01\/DSC_0222-1024x563.jpg 1024w, https:\/\/www.biblioteka-sepolno.pl\/wp-content\/uploads\/2024\/01\/DSC_0222-300x165.jpg 300w, https:\/\/www.biblioteka-sepolno.pl\/wp-content\/uploads\/2024\/01\/DSC_0222-768x423.jpg 768w, https:\/\/www.biblioteka-sepolno.pl\/wp-content\/uploads\/2024\/01\/DSC_0222-1536x845.jpg 1536w, https:\/\/www.biblioteka-sepolno.pl\/wp-content\/uploads\/2024\/01\/DSC_0222-2048x1127.jpg 2048w, https:\/\/www.biblioteka-sepolno.pl\/wp-content\/uploads\/2024\/01\/DSC_0222-18x10.jpg 18w\" sizes=\"auto, (max-width: 1024px) 100vw, 1024px\" \/><\/figure>\n\n\n\n<figure class=\"wp-block-image size-large\"><img loading=\"lazy\" decoding=\"async\" width=\"1024\" height=\"673\" data-id=\"16365\" src=\"https:\/\/www.biblioteka-sepolno.pl\/wp-content\/uploads\/2024\/01\/DSC_0289-1024x673.jpg\" alt=\"\" class=\"wp-image-16365\" srcset=\"https:\/\/www.biblioteka-sepolno.pl\/wp-content\/uploads\/2024\/01\/DSC_0289-1024x673.jpg 1024w, https:\/\/www.biblioteka-sepolno.pl\/wp-content\/uploads\/2024\/01\/DSC_0289-300x197.jpg 300w, https:\/\/www.biblioteka-sepolno.pl\/wp-content\/uploads\/2024\/01\/DSC_0289-768x505.jpg 768w, https:\/\/www.biblioteka-sepolno.pl\/wp-content\/uploads\/2024\/01\/DSC_0289-1536x1010.jpg 1536w, https:\/\/www.biblioteka-sepolno.pl\/wp-content\/uploads\/2024\/01\/DSC_0289-2048x1346.jpg 2048w, https:\/\/www.biblioteka-sepolno.pl\/wp-content\/uploads\/2024\/01\/DSC_0289-18x12.jpg 18w\" sizes=\"auto, (max-width: 1024px) 100vw, 1024px\" \/><\/figure>\n\n\n\n<figure class=\"wp-block-image size-large\"><img loading=\"lazy\" decoding=\"async\" width=\"1024\" height=\"664\" data-id=\"16367\" src=\"https:\/\/www.biblioteka-sepolno.pl\/wp-content\/uploads\/2024\/01\/DSC_0396-1024x664.jpg\" alt=\"\" class=\"wp-image-16367\" srcset=\"https:\/\/www.biblioteka-sepolno.pl\/wp-content\/uploads\/2024\/01\/DSC_0396-1024x664.jpg 1024w, https:\/\/www.biblioteka-sepolno.pl\/wp-content\/uploads\/2024\/01\/DSC_0396-300x194.jpg 300w, https:\/\/www.biblioteka-sepolno.pl\/wp-content\/uploads\/2024\/01\/DSC_0396-768x498.jpg 768w, https:\/\/www.biblioteka-sepolno.pl\/wp-content\/uploads\/2024\/01\/DSC_0396-1536x995.jpg 1536w, https:\/\/www.biblioteka-sepolno.pl\/wp-content\/uploads\/2024\/01\/DSC_0396-2048x1327.jpg 2048w, https:\/\/www.biblioteka-sepolno.pl\/wp-content\/uploads\/2024\/01\/DSC_0396-18x12.jpg 18w\" sizes=\"auto, (max-width: 1024px) 100vw, 1024px\" \/><\/figure>\n\n\n\n<figure class=\"wp-block-image size-large\"><img loading=\"lazy\" decoding=\"async\" width=\"1024\" height=\"683\" data-id=\"16368\" src=\"https:\/\/www.biblioteka-sepolno.pl\/wp-content\/uploads\/2024\/01\/DSC_0469-1024x683.jpg\" alt=\"\" class=\"wp-image-16368\" srcset=\"https:\/\/www.biblioteka-sepolno.pl\/wp-content\/uploads\/2024\/01\/DSC_0469-1024x683.jpg 1024w, https:\/\/www.biblioteka-sepolno.pl\/wp-content\/uploads\/2024\/01\/DSC_0469-300x200.jpg 300w, https:\/\/www.biblioteka-sepolno.pl\/wp-content\/uploads\/2024\/01\/DSC_0469-768x512.jpg 768w, https:\/\/www.biblioteka-sepolno.pl\/wp-content\/uploads\/2024\/01\/DSC_0469-1536x1024.jpg 1536w, https:\/\/www.biblioteka-sepolno.pl\/wp-content\/uploads\/2024\/01\/DSC_0469-2048x1365.jpg 2048w, https:\/\/www.biblioteka-sepolno.pl\/wp-content\/uploads\/2024\/01\/DSC_0469-18x12.jpg 18w\" sizes=\"auto, (max-width: 1024px) 100vw, 1024px\" \/><\/figure>\n<\/figure>","protected":false},"excerpt":{"rendered":"<p>Mi\u0142o nam poinformowa\u0107, \u017ce nasza biblioteka otrzyma\u0142a nagrod\u0119 specjaln\u0105 w postaci nowo\u015bci ksi\u0105\u017ckowych oraz vouchera do sieci sklepu Empik za udzia\u0142 w konkursach na najlepiej przeprowadzon\u0105 kampani\u0119 \u201eCa\u0142a Polska czyta dzieciom\u201d oraz za najciekawsze spotkanie czytelnicze Klub\u00f3w Czytaj\u0105cych Rodzin w roku 2023. Od wielu lat biblioteka prowadzi cykl zaj\u0119\u0107 o charakterze literacko \u2013 plastycznym pn. <a href=\"https:\/\/www.biblioteka-sepolno.pl\/en\/news\/16361\" class=\"more-link\">&#8230;<span class=\"screen-reader-text\">  Nagroda za najlepiej przeprowadzon\u0105 kampani\u0119<\/span><\/a><\/p>","protected":false},"author":5,"featured_media":16368,"comment_status":"closed","ping_status":"closed","sticky":false,"template":"","format":"standard","meta":{"_acf_changed":false,"footnotes":""},"categories":[6],"tags":[],"class_list":["post-16361","post","type-post","status-publish","format-standard","has-post-thumbnail","hentry","category-news"],"acf":[],"_links":{"self":[{"href":"https:\/\/www.biblioteka-sepolno.pl\/en\/wp-json\/wp\/v2\/posts\/16361","targetHints":{"allow":["GET"]}}],"collection":[{"href":"https:\/\/www.biblioteka-sepolno.pl\/en\/wp-json\/wp\/v2\/posts"}],"about":[{"href":"https:\/\/www.biblioteka-sepolno.pl\/en\/wp-json\/wp\/v2\/types\/post"}],"author":[{"embeddable":true,"href":"https:\/\/www.biblioteka-sepolno.pl\/en\/wp-json\/wp\/v2\/users\/5"}],"replies":[{"embeddable":true,"href":"https:\/\/www.biblioteka-sepolno.pl\/en\/wp-json\/wp\/v2\/comments?post=16361"}],"version-history":[{"count":2,"href":"https:\/\/www.biblioteka-sepolno.pl\/en\/wp-json\/wp\/v2\/posts\/16361\/revisions"}],"predecessor-version":[{"id":16370,"href":"https:\/\/www.biblioteka-sepolno.pl\/en\/wp-json\/wp\/v2\/posts\/16361\/revisions\/16370"}],"wp:featuredmedia":[{"embeddable":true,"href":"https:\/\/www.biblioteka-sepolno.pl\/en\/wp-json\/wp\/v2\/media\/16368"}],"wp:attachment":[{"href":"https:\/\/www.biblioteka-sepolno.pl\/en\/wp-json\/wp\/v2\/media?parent=16361"}],"wp:term":[{"taxonomy":"category","embeddable":true,"href":"https:\/\/www.biblioteka-sepolno.pl\/en\/wp-json\/wp\/v2\/categories?post=16361"},{"taxonomy":"post_tag","embeddable":true,"href":"https:\/\/www.biblioteka-sepolno.pl\/en\/wp-json\/wp\/v2\/tags?post=16361"}],"curies":[{"name":"wp","href":"https:\/\/api.w.org\/{rel}","templated":true}]}}