{"id":16389,"date":"2024-02-06T10:40:48","date_gmt":"2024-02-06T09:40:48","guid":{"rendered":"https:\/\/www.biblioteka-sepolno.pl\/?p=16389"},"modified":"2024-02-06T10:40:48","modified_gmt":"2024-02-06T09:40:48","slug":"ferie-w-gminie-sepolno-krajenskie","status":"publish","type":"post","link":"https:\/\/www.biblioteka-sepolno.pl\/en\/news\/ferie-w-gminie-sepolno-krajenskie","title":{"rendered":"FERIE W GMINIE S\u0118P\u00d3LNO KRAJE\u0143SKIE"},"content":{"rendered":"<p>Wielkimi krokami zbli\u017caj\u0105 si\u0119 ferie zimowe, a razem z nimi okazja do zabawy i<br>aktywnego odpoczynku. Dlatego wychodz\u0105c naprzeciwko oczekiwaniom<br>naszych mieszka\u0144c\u00f3w przygotowali\u015bmy bogat\u0105 ofert\u0119 sp\u0119dzenia czasu wolnego<br>w gminie S\u0119p\u00f3lno Kraje\u0144skie. Na ch\u0119tnych czeka moc atrakcji i na pewno<br>ka\u017cdy wybierze z nich co\u015b dla siebie.<br>Ofert\u0119 przygotowa\u0142o Centrum Kultury i Sztuki, Centrum Sportu i Rekreacji, Biblioteka Publiczna oraz \u015bwietlice i wiejskie o\u015brodki kultury. Z ca\u0142o\u015bci\u0105 programu mo\u017cna si\u0119 zapozna\u0107 m.in. na stronie internetowej gminy i Facebooku oraz na stronach internetowych Centrum Kultury i Sztuki, Centrum Sportu i Rekreacji oraz Biblioteki Publicznej. <br>SERDECZNIE ZAPRASZAM I \u017bYCZ\u0118 UDANEGO WYPOCZYNKU!!!<\/p>\n\n\n\n<p>Waldemar Stupa\u0142kowski<br>Burmistrz S\u0119p\u00f3lna Kraje\u0144skiego<\/p>\n\n\n\n<div data-wp-interactive=\"core\/file\" class=\"wp-block-file\"><object data-wp-bind--hidden=\"!state.hasPdfPreview\" hidden class=\"wp-block-file__embed\" data=\"https:\/\/www.biblioteka-sepolno.pl\/wp-content\/uploads\/2024\/02\/FERIE-2024_zbiorowka.pdf\" type=\"application\/pdf\" style=\"width:100%;height:600px\" aria-label=\"Embed of Osadzone z FERIE-2024_zbiorowka..\"><\/object><a id=\"wp-block-file--media-6cc1cccd-af7b-44f1-bcde-229198215f83\" href=\"https:\/\/www.biblioteka-sepolno.pl\/wp-content\/uploads\/2024\/02\/FERIE-2024_zbiorowka.pdf\">FERIE-2024_zbiorowka<\/a><a href=\"https:\/\/www.biblioteka-sepolno.pl\/wp-content\/uploads\/2024\/02\/FERIE-2024_zbiorowka.pdf\" class=\"wp-block-file__button\" download aria-describedby=\"wp-block-file--media-6cc1cccd-af7b-44f1-bcde-229198215f83\">Pobierz<\/a><\/div>","protected":false},"excerpt":{"rendered":"<p>Wielkimi krokami zbli\u017caj\u0105 si\u0119 ferie zimowe, a razem z nimi okazja do zabawy iaktywnego odpoczynku. Dlatego wychodz\u0105c naprzeciwko oczekiwaniomnaszych mieszka\u0144c\u00f3w przygotowali\u015bmy bogat\u0105 ofert\u0119 sp\u0119dzenia czasu wolnegow gminie S\u0119p\u00f3lno Kraje\u0144skie. Na ch\u0119tnych czeka moc atrakcji i na pewnoka\u017cdy wybierze z nich co\u015b dla siebie.Ofert\u0119 przygotowa\u0142o Centrum Kultury i Sztuki, Centrum Sportu i Rekreacji, Biblioteka Publiczna oraz <a href=\"https:\/\/www.biblioteka-sepolno.pl\/en\/news\/ferie-w-gminie-sepolno-krajenskie\" class=\"more-link\">&#8230;<span class=\"screen-reader-text\">  FERIE W GMINIE S\u0118P\u00d3LNO KRAJE\u0143SKIE<\/span><\/a><\/p>","protected":false},"author":5,"featured_media":16390,"comment_status":"closed","ping_status":"closed","sticky":false,"template":"","format":"standard","meta":{"_acf_changed":false,"footnotes":""},"categories":[6],"tags":[],"class_list":["post-16389","post","type-post","status-publish","format-standard","has-post-thumbnail","hentry","category-news"],"acf":[],"_links":{"self":[{"href":"https:\/\/www.biblioteka-sepolno.pl\/en\/wp-json\/wp\/v2\/posts\/16389","targetHints":{"allow":["GET"]}}],"collection":[{"href":"https:\/\/www.biblioteka-sepolno.pl\/en\/wp-json\/wp\/v2\/posts"}],"about":[{"href":"https:\/\/www.biblioteka-sepolno.pl\/en\/wp-json\/wp\/v2\/types\/post"}],"author":[{"embeddable":true,"href":"https:\/\/www.biblioteka-sepolno.pl\/en\/wp-json\/wp\/v2\/users\/5"}],"replies":[{"embeddable":true,"href":"https:\/\/www.biblioteka-sepolno.pl\/en\/wp-json\/wp\/v2\/comments?post=16389"}],"version-history":[{"count":1,"href":"https:\/\/www.biblioteka-sepolno.pl\/en\/wp-json\/wp\/v2\/posts\/16389\/revisions"}],"predecessor-version":[{"id":16392,"href":"https:\/\/www.biblioteka-sepolno.pl\/en\/wp-json\/wp\/v2\/posts\/16389\/revisions\/16392"}],"wp:featuredmedia":[{"embeddable":true,"href":"https:\/\/www.biblioteka-sepolno.pl\/en\/wp-json\/wp\/v2\/media\/16390"}],"wp:attachment":[{"href":"https:\/\/www.biblioteka-sepolno.pl\/en\/wp-json\/wp\/v2\/media?parent=16389"}],"wp:term":[{"taxonomy":"category","embeddable":true,"href":"https:\/\/www.biblioteka-sepolno.pl\/en\/wp-json\/wp\/v2\/categories?post=16389"},{"taxonomy":"post_tag","embeddable":true,"href":"https:\/\/www.biblioteka-sepolno.pl\/en\/wp-json\/wp\/v2\/tags?post=16389"}],"curies":[{"name":"wp","href":"https:\/\/api.w.org\/{rel}","templated":true}]}}