{"id":16437,"date":"2024-02-26T09:47:15","date_gmt":"2024-02-26T08:47:15","guid":{"rendered":"https:\/\/www.biblioteka-sepolno.pl\/?p=16437"},"modified":"2024-02-26T09:54:28","modified_gmt":"2024-02-26T08:54:28","slug":"marek-michalak-w-sepolnie","status":"publish","type":"post","link":"https:\/\/www.biblioteka-sepolno.pl\/en\/news\/marek-michalak-w-sepolnie","title":{"rendered":"Marek Michalak w S\u0119p\u00f3lnie!"},"content":{"rendered":"<p><strong>Biblioteka Publiczna im. J. Iwaszkiewicza w S\u0119p\u00f3lnie Kraje\u0144skim<\/strong> zaprasza na spotkanie autorskie z <strong>Markiem Michalakiem,<\/strong> kt\u00f3re ob\u0119dzie si\u0119 ju\u017c <strong>6 marca (\u015broda) o godz. 8.00.<\/strong><\/p>\n\n\n\n<p><strong>Marek Michalak<\/strong> \u2013 tato Julii i Mi\u0142osza, pedagog, wychowawca, nauczyciel akademicki, dzia\u0142acz spo\u0142eczny, autor licznych publikacji o wychowaniu i prawach dziecka. Rzecznik Praw Dziecka (2008-2018), Kanclerz Mi\u0119dzynarodowej Kapitu\u0142y Orderu U\u015bmiechu, Przewodnicz\u0105cy Mi\u0119dzynarodowego Stowarzyszenia im. Janusza Korczaka, Kawaler Orderu U\u015bmiechu, inicjator uchwalenia przez Sejm Roku Janusza Korczaka (2012), Roku Ireny Sendlerowej (2018) i Og\u00f3lnopolskiego Dnia Praw Dziecka (20 listopada), doprowadzi\u0142 do licznych zmian w prawie lepiej zabezpieczaj\u0105cych dobro dziecka (m.in. wprowadzenia ca\u0142kowitego zakazu stosowania kar cielesnych wobec dzieci).<\/p>\n\n\n\n<p><\/p>\n\n\n\n<p>UWAGA! Podczas wydarzenia b\u0119dzie mo\u017cliwo\u015b\u0107 nabycia ksi\u0105\u017cek Marka Michalaka.<\/p>\n\n\n\n<figure class=\"wp-block-image size-large\"><img loading=\"lazy\" decoding=\"async\" width=\"731\" height=\"1024\" src=\"https:\/\/www.biblioteka-sepolno.pl\/wp-content\/uploads\/2024\/02\/PLAKAT-Spotkanie-autorskie-Marek-Michalak-731x1024.jpg\" alt=\"\" class=\"wp-image-16438\" srcset=\"https:\/\/www.biblioteka-sepolno.pl\/wp-content\/uploads\/2024\/02\/PLAKAT-Spotkanie-autorskie-Marek-Michalak-731x1024.jpg 731w, https:\/\/www.biblioteka-sepolno.pl\/wp-content\/uploads\/2024\/02\/PLAKAT-Spotkanie-autorskie-Marek-Michalak-214x300.jpg 214w, https:\/\/www.biblioteka-sepolno.pl\/wp-content\/uploads\/2024\/02\/PLAKAT-Spotkanie-autorskie-Marek-Michalak-768x1075.jpg 768w, https:\/\/www.biblioteka-sepolno.pl\/wp-content\/uploads\/2024\/02\/PLAKAT-Spotkanie-autorskie-Marek-Michalak-1097x1536.jpg 1097w, https:\/\/www.biblioteka-sepolno.pl\/wp-content\/uploads\/2024\/02\/PLAKAT-Spotkanie-autorskie-Marek-Michalak-1463x2048.jpg 1463w, https:\/\/www.biblioteka-sepolno.pl\/wp-content\/uploads\/2024\/02\/PLAKAT-Spotkanie-autorskie-Marek-Michalak-9x12.jpg 9w, https:\/\/www.biblioteka-sepolno.pl\/wp-content\/uploads\/2024\/02\/PLAKAT-Spotkanie-autorskie-Marek-Michalak-scaled.jpg 1829w\" sizes=\"auto, (max-width: 731px) 100vw, 731px\" \/><figcaption>xr:d:DAFkYZ-Hzg8:65,j:4769716327840626497,t:23092810<\/figcaption><\/figure>","protected":false},"excerpt":{"rendered":"<p>Biblioteka Publiczna im. J. Iwaszkiewicza w S\u0119p\u00f3lnie Kraje\u0144skim zaprasza na spotkanie autorskie z Markiem Michalakiem, kt\u00f3re ob\u0119dzie si\u0119 ju\u017c 6 marca (\u015broda) o godz. 8.00. Marek Michalak \u2013 tato Julii i Mi\u0142osza, pedagog, wychowawca, nauczyciel akademicki, dzia\u0142acz spo\u0142eczny, autor licznych publikacji o wychowaniu i prawach dziecka. Rzecznik Praw Dziecka (2008-2018), Kanclerz Mi\u0119dzynarodowej Kapitu\u0142y Orderu U\u015bmiechu, <a href=\"https:\/\/www.biblioteka-sepolno.pl\/en\/news\/marek-michalak-w-sepolnie\" class=\"more-link\">&#8230;<span class=\"screen-reader-text\">  Marek Michalak w S\u0119p\u00f3lnie!<\/span><\/a><\/p>","protected":false},"author":5,"featured_media":16438,"comment_status":"closed","ping_status":"closed","sticky":false,"template":"","format":"standard","meta":{"_acf_changed":false,"footnotes":""},"categories":[6],"tags":[],"class_list":["post-16437","post","type-post","status-publish","format-standard","has-post-thumbnail","hentry","category-news"],"acf":[],"_links":{"self":[{"href":"https:\/\/www.biblioteka-sepolno.pl\/en\/wp-json\/wp\/v2\/posts\/16437","targetHints":{"allow":["GET"]}}],"collection":[{"href":"https:\/\/www.biblioteka-sepolno.pl\/en\/wp-json\/wp\/v2\/posts"}],"about":[{"href":"https:\/\/www.biblioteka-sepolno.pl\/en\/wp-json\/wp\/v2\/types\/post"}],"author":[{"embeddable":true,"href":"https:\/\/www.biblioteka-sepolno.pl\/en\/wp-json\/wp\/v2\/users\/5"}],"replies":[{"embeddable":true,"href":"https:\/\/www.biblioteka-sepolno.pl\/en\/wp-json\/wp\/v2\/comments?post=16437"}],"version-history":[{"count":1,"href":"https:\/\/www.biblioteka-sepolno.pl\/en\/wp-json\/wp\/v2\/posts\/16437\/revisions"}],"predecessor-version":[{"id":16439,"href":"https:\/\/www.biblioteka-sepolno.pl\/en\/wp-json\/wp\/v2\/posts\/16437\/revisions\/16439"}],"wp:featuredmedia":[{"embeddable":true,"href":"https:\/\/www.biblioteka-sepolno.pl\/en\/wp-json\/wp\/v2\/media\/16438"}],"wp:attachment":[{"href":"https:\/\/www.biblioteka-sepolno.pl\/en\/wp-json\/wp\/v2\/media?parent=16437"}],"wp:term":[{"taxonomy":"category","embeddable":true,"href":"https:\/\/www.biblioteka-sepolno.pl\/en\/wp-json\/wp\/v2\/categories?post=16437"},{"taxonomy":"post_tag","embeddable":true,"href":"https:\/\/www.biblioteka-sepolno.pl\/en\/wp-json\/wp\/v2\/tags?post=16437"}],"curies":[{"name":"wp","href":"https:\/\/api.w.org\/{rel}","templated":true}]}}