{"id":16441,"date":"2024-02-27T11:27:04","date_gmt":"2024-02-27T10:27:04","guid":{"rendered":"https:\/\/www.biblioteka-sepolno.pl\/?p=16441"},"modified":"2024-02-27T11:27:04","modified_gmt":"2024-02-27T10:27:04","slug":"koncert-z-okazji-dnia-kobiet","status":"publish","type":"post","link":"https:\/\/www.biblioteka-sepolno.pl\/en\/news\/koncert-z-okazji-dnia-kobiet","title":{"rendered":"Koncert z okazji Dnia Kobiet"},"content":{"rendered":"<p>W czwartek 7 marca, o godz. 19:00, czytelnia naszej biblioteki zamieni si\u0119 w scen\u0119 koncertow\u0105. Wtedy to bowiem rozpocznie si\u0119 koncert przeboj\u00f3w muzyki pop i rock, zorganizowany z okazji Dnia Kobiet. Utwory w wersji instrumentalnej zaprezentuj\u0105 Pa\u0144stwu znakomici, lokalni muzycy: Wiktoria Kurzy\u0144ska (wokal), Adam Dryll (gitara akustyczna), Marcin Narewski (cajon) i Robert Skaza (gitara akustyczna). Wst\u0119p wolny. Zapraszamy!<\/p>\n\n\n\n<p> <\/p>\n\n\n\n<figure class=\"wp-block-image size-full\"><img loading=\"lazy\" decoding=\"async\" width=\"509\" height=\"720\" src=\"https:\/\/www.biblioteka-sepolno.pl\/wp-content\/uploads\/2024\/02\/428611073_122119555430199334_5513886742700810523_n.jpg\" alt=\"\" class=\"wp-image-16442\" srcset=\"https:\/\/www.biblioteka-sepolno.pl\/wp-content\/uploads\/2024\/02\/428611073_122119555430199334_5513886742700810523_n.jpg 509w, https:\/\/www.biblioteka-sepolno.pl\/wp-content\/uploads\/2024\/02\/428611073_122119555430199334_5513886742700810523_n-212x300.jpg 212w, https:\/\/www.biblioteka-sepolno.pl\/wp-content\/uploads\/2024\/02\/428611073_122119555430199334_5513886742700810523_n-8x12.jpg 8w\" sizes=\"auto, (max-width: 509px) 100vw, 509px\" \/><\/figure>","protected":false},"excerpt":{"rendered":"<p>W czwartek 7 marca, o godz. 19:00, czytelnia naszej biblioteki zamieni si\u0119 w scen\u0119 koncertow\u0105. Wtedy to bowiem rozpocznie si\u0119 koncert przeboj\u00f3w muzyki pop i rock, zorganizowany z okazji Dnia Kobiet. Utwory w wersji instrumentalnej zaprezentuj\u0105 Pa\u0144stwu znakomici, lokalni muzycy: Wiktoria Kurzy\u0144ska (wokal), Adam Dryll (gitara akustyczna), Marcin Narewski (cajon) i Robert Skaza (gitara akustyczna). <a href=\"https:\/\/www.biblioteka-sepolno.pl\/en\/news\/koncert-z-okazji-dnia-kobiet\" class=\"more-link\">&#8230;<span class=\"screen-reader-text\">  Koncert z okazji Dnia Kobiet<\/span><\/a><\/p>","protected":false},"author":5,"featured_media":0,"comment_status":"closed","ping_status":"closed","sticky":false,"template":"","format":"standard","meta":{"_acf_changed":false,"footnotes":""},"categories":[6],"tags":[],"class_list":["post-16441","post","type-post","status-publish","format-standard","hentry","category-news"],"acf":[],"_links":{"self":[{"href":"https:\/\/www.biblioteka-sepolno.pl\/en\/wp-json\/wp\/v2\/posts\/16441","targetHints":{"allow":["GET"]}}],"collection":[{"href":"https:\/\/www.biblioteka-sepolno.pl\/en\/wp-json\/wp\/v2\/posts"}],"about":[{"href":"https:\/\/www.biblioteka-sepolno.pl\/en\/wp-json\/wp\/v2\/types\/post"}],"author":[{"embeddable":true,"href":"https:\/\/www.biblioteka-sepolno.pl\/en\/wp-json\/wp\/v2\/users\/5"}],"replies":[{"embeddable":true,"href":"https:\/\/www.biblioteka-sepolno.pl\/en\/wp-json\/wp\/v2\/comments?post=16441"}],"version-history":[{"count":1,"href":"https:\/\/www.biblioteka-sepolno.pl\/en\/wp-json\/wp\/v2\/posts\/16441\/revisions"}],"predecessor-version":[{"id":16443,"href":"https:\/\/www.biblioteka-sepolno.pl\/en\/wp-json\/wp\/v2\/posts\/16441\/revisions\/16443"}],"wp:attachment":[{"href":"https:\/\/www.biblioteka-sepolno.pl\/en\/wp-json\/wp\/v2\/media?parent=16441"}],"wp:term":[{"taxonomy":"category","embeddable":true,"href":"https:\/\/www.biblioteka-sepolno.pl\/en\/wp-json\/wp\/v2\/categories?post=16441"},{"taxonomy":"post_tag","embeddable":true,"href":"https:\/\/www.biblioteka-sepolno.pl\/en\/wp-json\/wp\/v2\/tags?post=16441"}],"curies":[{"name":"wp","href":"https:\/\/api.w.org\/{rel}","templated":true}]}}