{"id":16503,"date":"2024-03-12T15:45:34","date_gmt":"2024-03-12T14:45:34","guid":{"rendered":"https:\/\/www.biblioteka-sepolno.pl\/?p=16503"},"modified":"2024-03-12T15:45:34","modified_gmt":"2024-03-12T14:45:34","slug":"marcowe-dkk-dla-dzieci","status":"publish","type":"post","link":"https:\/\/www.biblioteka-sepolno.pl\/en\/news\/marcowe-dkk-dla-dzieci","title":{"rendered":"Marcowe DKK dla dzieci"},"content":{"rendered":"<p>W pi\u0105tek (15.03.2024) o godz. 14:00 zapraszamy klubowicz\u00f3w na marcowe spotkanie Dyskusyjnego Klubu Ksi\u0105\u017cki dla Dzieci. W tym miesi\u0105cu omawia\u0107 b\u0119dziemy ksi\u0105\u017ck\u0119 Marcina Pa\u0142asza pt. &#8222;Dasz rad\u0119, Marcelko&#8221;, kt\u00f3ra opowiada histori\u0119 ma\u0142ej dziewczynki, kt\u00f3ra po wypadku sta\u0142a si\u0119 obiektem wy\u015bmiewania. Lekiem na ca\u0142e z\u0142o okazuje si\u0119 wymarzony piesek &#8211; Rozrabiaka.<\/p>\n\n\n\n<figure class=\"wp-block-gallery has-nested-images columns-default is-cropped wp-block-gallery-1 is-layout-flex wp-block-gallery-is-layout-flex\">\n<figure class=\"wp-block-image size-large\"><img loading=\"lazy\" decoding=\"async\" width=\"1024\" height=\"683\" data-id=\"16504\" src=\"https:\/\/www.biblioteka-sepolno.pl\/wp-content\/uploads\/2024\/03\/DKK-marzec--1024x683.jpg\" alt=\"\" class=\"wp-image-16504\" srcset=\"https:\/\/www.biblioteka-sepolno.pl\/wp-content\/uploads\/2024\/03\/DKK-marzec--1024x683.jpg 1024w, https:\/\/www.biblioteka-sepolno.pl\/wp-content\/uploads\/2024\/03\/DKK-marzec--300x200.jpg 300w, https:\/\/www.biblioteka-sepolno.pl\/wp-content\/uploads\/2024\/03\/DKK-marzec--768x512.jpg 768w, https:\/\/www.biblioteka-sepolno.pl\/wp-content\/uploads\/2024\/03\/DKK-marzec--1536x1024.jpg 1536w, https:\/\/www.biblioteka-sepolno.pl\/wp-content\/uploads\/2024\/03\/DKK-marzec--18x12.jpg 18w, https:\/\/www.biblioteka-sepolno.pl\/wp-content\/uploads\/2024\/03\/DKK-marzec-.jpg 1800w\" sizes=\"auto, (max-width: 1024px) 100vw, 1024px\" \/><\/figure>\n<\/figure>","protected":false},"excerpt":{"rendered":"<p>W pi\u0105tek (15.03.2024) o godz. 14:00 zapraszamy klubowicz\u00f3w na marcowe spotkanie Dyskusyjnego Klubu Ksi\u0105\u017cki dla Dzieci. W tym miesi\u0105cu omawia\u0107 b\u0119dziemy ksi\u0105\u017ck\u0119 Marcina Pa\u0142asza pt. &#8222;Dasz rad\u0119, Marcelko&#8221;, kt\u00f3ra opowiada histori\u0119 ma\u0142ej dziewczynki, kt\u00f3ra po wypadku sta\u0142a si\u0119 obiektem wy\u015bmiewania. Lekiem na ca\u0142e z\u0142o okazuje si\u0119 wymarzony piesek &#8211; Rozrabiaka.<\/p>","protected":false},"author":5,"featured_media":16504,"comment_status":"closed","ping_status":"closed","sticky":false,"template":"","format":"standard","meta":{"_acf_changed":false,"footnotes":""},"categories":[6],"tags":[],"class_list":["post-16503","post","type-post","status-publish","format-standard","has-post-thumbnail","hentry","category-news"],"acf":[],"_links":{"self":[{"href":"https:\/\/www.biblioteka-sepolno.pl\/en\/wp-json\/wp\/v2\/posts\/16503","targetHints":{"allow":["GET"]}}],"collection":[{"href":"https:\/\/www.biblioteka-sepolno.pl\/en\/wp-json\/wp\/v2\/posts"}],"about":[{"href":"https:\/\/www.biblioteka-sepolno.pl\/en\/wp-json\/wp\/v2\/types\/post"}],"author":[{"embeddable":true,"href":"https:\/\/www.biblioteka-sepolno.pl\/en\/wp-json\/wp\/v2\/users\/5"}],"replies":[{"embeddable":true,"href":"https:\/\/www.biblioteka-sepolno.pl\/en\/wp-json\/wp\/v2\/comments?post=16503"}],"version-history":[{"count":1,"href":"https:\/\/www.biblioteka-sepolno.pl\/en\/wp-json\/wp\/v2\/posts\/16503\/revisions"}],"predecessor-version":[{"id":16505,"href":"https:\/\/www.biblioteka-sepolno.pl\/en\/wp-json\/wp\/v2\/posts\/16503\/revisions\/16505"}],"wp:featuredmedia":[{"embeddable":true,"href":"https:\/\/www.biblioteka-sepolno.pl\/en\/wp-json\/wp\/v2\/media\/16504"}],"wp:attachment":[{"href":"https:\/\/www.biblioteka-sepolno.pl\/en\/wp-json\/wp\/v2\/media?parent=16503"}],"wp:term":[{"taxonomy":"category","embeddable":true,"href":"https:\/\/www.biblioteka-sepolno.pl\/en\/wp-json\/wp\/v2\/categories?post=16503"},{"taxonomy":"post_tag","embeddable":true,"href":"https:\/\/www.biblioteka-sepolno.pl\/en\/wp-json\/wp\/v2\/tags?post=16503"}],"curies":[{"name":"wp","href":"https:\/\/api.w.org\/{rel}","templated":true}]}}