{"id":16545,"date":"2024-04-17T08:42:54","date_gmt":"2024-04-17T07:42:54","guid":{"rendered":"https:\/\/www.biblioteka-sepolno.pl\/?p=16545"},"modified":"2024-04-22T12:29:11","modified_gmt":"2024-04-22T11:29:11","slug":"powiat-sepolenski-laureatami-stoi","status":"publish","type":"post","link":"https:\/\/www.biblioteka-sepolno.pl\/en\/news\/powiat-sepolenski-laureatami-stoi","title":{"rendered":"Powiat s\u0119pole\u0144ski laureatami stoi."},"content":{"rendered":"<p>Pi\u0119cioro uczni\u00f3w reprezentuj\u0105cych trzy szko\u0142y z powiatu s\u0119pole\u0144skiego awansowa\u0142o do fina\u0142u og\u00f3lnopolskiego konkursu <strong>Wielka Liga Czytelnik\u00f3w<\/strong> koordynowanego przez nasz\u0105 bibliotek\u0119.<\/p>\n\n\n\n<p>Celem projektu WLC jest przede wszystkim kszta\u0142towanie kompetencji czytelniczych w\u015br\u00f3d dzieci<br>&nbsp;i m\u0142odzie\u017cy, a tak\u017ce upowszechnianie kanonu krajowej literatury m\u0142odzie\u017cowej. Udzia\u0142 w projekcie skutecznie oddzia\u0142uje na szeroko poj\u0119ty rozw\u00f3j poprzez kszta\u0142towanie kompetencji czytelniczych wp\u0142ywaj\u0105cych na sukces ucznia. Testy s\u0105 tak skonstruowane, \u017ce wymagaj\u0105 nie tylko wykazania si\u0119 wiedz\u0105 z przeczytanych ksi\u0105\u017cek, ale tak\u017ce odszukania informacji<br>w s\u0142owniku czy wykonania oblicze\u0144 matematycznych. Wielk\u0105 zalet\u0105 projektu jest fakt, \u017ce<br>w poszczeg\u00f3lnych etapach&nbsp; konkursu do pomocy mog\u0105 w\u0142\u0105czy\u0107 si\u0119 rodzice jak i opiekunowie.<\/p>\n\n\n\n<p>W powiecie s\u0119pole\u0144skim do konkursu zg\u0142oszono <strong>85 uczni\u00f3w z sze\u015bciu szk\u00f3\u0142 podstawowych<\/strong>, natomiast w ca\u0142ej Polsce do konkursu przyst\u0105pi\u0142o blisko 15 tysi\u0119cy uczestnik\u00f3w.&nbsp; Aby wzi\u0105\u0107 udzia\u0142<br>w te\u015bcie kwalifikacyjnym ka\u017cde z nich musia\u0142o zaliczy\u0107 r\u00f3\u017cne sprawno\u015bci czytelnicze. W zale\u017cno\u015bci od grupy wiekowej uczestnicy zmierzyli si\u0119 z testami z ksi\u0105\u017cek \u201e<em>Mania \u2013 dziewczyna inne ni\u017c wszystkie<\/em>\u201d; \u201e<em>Dynasta Mizio\u0142k\u00f3w<\/em>\u201d oraz \u201e<em>Obroni\u0107 kr\u00f3low\u0105<\/em>\u201d. Pytani &nbsp;o wra\u017cenia uczestnicy nie ukrywali, \u017ce poziom trudno\u015bci testu bardzo ich zaskoczy\u0142. Jednak\u017ce cieszy nas niezmiernie fakt, \u017ce pi\u0119cioro uczni\u00f3w otrzyma\u0142o awans do poziomu og\u00f3lnopolskiego. Laureatami zostali: <strong>Zofia Gazda ze Szko\u0142y Podstawowej w Wi\u015bniewie;<\/strong>&nbsp; <strong>Nikodem Winowiecki ze Szko\u0142y Podstawowej im. Kr\u00f3lowej Jadwigi w Wa\u0142dowie oraz : Radek Ser\u00f3wka, Igor Hippler, Nikodem Przybylski &nbsp;ze Szko\u0142y Podstawowej w W\u0105welnie<\/strong>.&nbsp; Przed nimi kolejny miesi\u0105c przygotowa\u0144, a my \u015bciskamy mocno kciuki!<\/p>\n\n\n\n<figure class=\"wp-block-gallery has-nested-images columns-default is-cropped wp-block-gallery-1 is-layout-flex wp-block-gallery-is-layout-flex\">\n<figure class=\"wp-block-image size-large\"><img loading=\"lazy\" decoding=\"async\" width=\"1024\" height=\"577\" data-id=\"16546\" src=\"https:\/\/www.biblioteka-sepolno.pl\/wp-content\/uploads\/2024\/04\/312621075_489860166518751_4868047230427354650_n-1024x577.png\" alt=\"\" class=\"wp-image-16546\" srcset=\"https:\/\/www.biblioteka-sepolno.pl\/wp-content\/uploads\/2024\/04\/312621075_489860166518751_4868047230427354650_n-1024x577.png 1024w, https:\/\/www.biblioteka-sepolno.pl\/wp-content\/uploads\/2024\/04\/312621075_489860166518751_4868047230427354650_n-300x169.png 300w, https:\/\/www.biblioteka-sepolno.pl\/wp-content\/uploads\/2024\/04\/312621075_489860166518751_4868047230427354650_n-768x433.png 768w, https:\/\/www.biblioteka-sepolno.pl\/wp-content\/uploads\/2024\/04\/312621075_489860166518751_4868047230427354650_n-1536x865.png 1536w, https:\/\/www.biblioteka-sepolno.pl\/wp-content\/uploads\/2024\/04\/312621075_489860166518751_4868047230427354650_n-18x10.png 18w, https:\/\/www.biblioteka-sepolno.pl\/wp-content\/uploads\/2024\/04\/312621075_489860166518751_4868047230427354650_n.png 1640w\" sizes=\"auto, (max-width: 1024px) 100vw, 1024px\" \/><\/figure>\n<\/figure>","protected":false},"excerpt":{"rendered":"<p>Pi\u0119cioro uczni\u00f3w reprezentuj\u0105cych trzy szko\u0142y z powiatu s\u0119pole\u0144skiego awansowa\u0142o do fina\u0142u og\u00f3lnopolskiego konkursu Wielka Liga Czytelnik\u00f3w koordynowanego przez nasz\u0105 bibliotek\u0119. Celem projektu WLC jest przede wszystkim kszta\u0142towanie kompetencji czytelniczych w\u015br\u00f3d dzieci&nbsp;i m\u0142odzie\u017cy, a tak\u017ce upowszechnianie kanonu krajowej literatury m\u0142odzie\u017cowej. Udzia\u0142 w projekcie skutecznie oddzia\u0142uje na szeroko poj\u0119ty rozw\u00f3j poprzez kszta\u0142towanie kompetencji czytelniczych wp\u0142ywaj\u0105cych na sukces <a href=\"https:\/\/www.biblioteka-sepolno.pl\/en\/news\/powiat-sepolenski-laureatami-stoi\" class=\"more-link\">&#8230;<span class=\"screen-reader-text\">  Powiat s\u0119pole\u0144ski laureatami stoi.<\/span><\/a><\/p>","protected":false},"author":5,"featured_media":16546,"comment_status":"closed","ping_status":"closed","sticky":false,"template":"","format":"standard","meta":{"_acf_changed":false,"footnotes":""},"categories":[6],"tags":[],"class_list":["post-16545","post","type-post","status-publish","format-standard","has-post-thumbnail","hentry","category-news"],"acf":[],"_links":{"self":[{"href":"https:\/\/www.biblioteka-sepolno.pl\/en\/wp-json\/wp\/v2\/posts\/16545","targetHints":{"allow":["GET"]}}],"collection":[{"href":"https:\/\/www.biblioteka-sepolno.pl\/en\/wp-json\/wp\/v2\/posts"}],"about":[{"href":"https:\/\/www.biblioteka-sepolno.pl\/en\/wp-json\/wp\/v2\/types\/post"}],"author":[{"embeddable":true,"href":"https:\/\/www.biblioteka-sepolno.pl\/en\/wp-json\/wp\/v2\/users\/5"}],"replies":[{"embeddable":true,"href":"https:\/\/www.biblioteka-sepolno.pl\/en\/wp-json\/wp\/v2\/comments?post=16545"}],"version-history":[{"count":3,"href":"https:\/\/www.biblioteka-sepolno.pl\/en\/wp-json\/wp\/v2\/posts\/16545\/revisions"}],"predecessor-version":[{"id":16550,"href":"https:\/\/www.biblioteka-sepolno.pl\/en\/wp-json\/wp\/v2\/posts\/16545\/revisions\/16550"}],"wp:featuredmedia":[{"embeddable":true,"href":"https:\/\/www.biblioteka-sepolno.pl\/en\/wp-json\/wp\/v2\/media\/16546"}],"wp:attachment":[{"href":"https:\/\/www.biblioteka-sepolno.pl\/en\/wp-json\/wp\/v2\/media?parent=16545"}],"wp:term":[{"taxonomy":"category","embeddable":true,"href":"https:\/\/www.biblioteka-sepolno.pl\/en\/wp-json\/wp\/v2\/categories?post=16545"},{"taxonomy":"post_tag","embeddable":true,"href":"https:\/\/www.biblioteka-sepolno.pl\/en\/wp-json\/wp\/v2\/tags?post=16545"}],"curies":[{"name":"wp","href":"https:\/\/api.w.org\/{rel}","templated":true}]}}