{"id":16551,"date":"2024-04-22T12:31:53","date_gmt":"2024-04-22T11:31:53","guid":{"rendered":"https:\/\/www.biblioteka-sepolno.pl\/?p=16551"},"modified":"2024-04-22T12:31:53","modified_gmt":"2024-04-22T11:31:53","slug":"biblioteka-miejsce-na-czasie","status":"publish","type":"post","link":"https:\/\/www.biblioteka-sepolno.pl\/en\/news\/biblioteka-miejsce-na-czasie","title":{"rendered":"\u201eBiblioteka miejsce na czasie\u201d"},"content":{"rendered":"<p>W ramach zbli\u017caj\u0105cego si\u0119 Tygodnia Bibliotek (8-15 maja) przygotowali\u015bmy ofert\u0119 zaj\u0119\u0107 dla grup zorganizowanych<\/p>\n\n\n\n<p><\/p>\n\n\n\n<p><strong>W \u015bwiecie Hansa Christiana Andersena<\/strong><\/p>\n\n\n\n<p>Zaj\u0119cia dla dzieci po\u015bwi\u0119cone tw\u00f3rczo\u015bci H.Ch. Andersena inspirowane ksi\u0105\u017ck\u0105 \u201eMali.Wielcy\u201d. Podczas zaj\u0119\u0107 uczestnicy poznaj\u0105 biografi\u0119 pisarza oraz przypomn\u0105 sobie najs\u0142ynniejsze jego ba\u015bnie.<\/p>\n\n\n\n<p><em>Zaj\u0119cia dedykowane s\u0105 dla uczni\u00f3w klas I \u2013 III.<\/em><\/p>\n\n\n\n<p><strong>Do roboty!<\/strong><\/p>\n\n\n\n<p>Odkryjmy wsp\u00f3lnie zawody, kt\u00f3re istnia\u0142y przed wynalezieniem nowoczesnych technologii. Zamiast o influenserach, programistach czy specjali\u015bcie bran\u017cy IT porozmawiamy o tym kim by\u0142 \u0142amacz lodu, krzykacz miejski i czy komputer mo\u017ce by\u0107 zawodem.<\/p>\n\n\n\n<p><em>Zaj\u0119cia zorganizowane w oparciu o ksi\u0105\u017ck\u0119 \u201eDo roboty\u201d autorstwa Katarzyny Radziwi\u0142\u0142 przeznaczone s\u0105 dla dzieci z klas I-V SP.<\/em><\/p>\n\n\n\n<p><strong>Jak przez wiersze ortografia szybko nam do g\u0142owy trafia<\/strong><\/p>\n\n\n\n<p>Czy nauka ortografii mo\u017ce by\u0107 przyjemno\u015bci\u0105? Oczywi\u015bcie, \u017ce tak! Trzeba tylko si\u0119gn\u0105\u0107 po ciekawe i pi\u0119knie ilustrowane s\u0142owniki przygotowane specjalnie dla dzieci, kt\u00f3re w \u015brodku skrywaj\u0105 \u015bmieszne wierszyki ortograficzne i logopedyczne. Zapraszamy wi\u0119c dzieci z klas I \u2013 III na ortograficzn\u0105 zabaw\u0119, kt\u00f3ra uczy prawid\u0142owej wymowy, czytania i pisania.<\/p>\n\n\n\n<p><strong>Ty te\u017c mo\u017cesz uratowa\u0107 \u015bwiat<\/strong><\/p>\n\n\n\n<p>Uczenie dzieci zasad ekologii to nie tylko nauka odr\u00f3\u017cniania pojemnik\u00f3w na szk\u0142o czy plastik. W trakcie zaj\u0119\u0107 pokazujemy najm\u0142odszym jak nasze dzisiejsze wybory wp\u0142ywaj\u0105 na otaczaj\u0105ce nas \u015brodowisko. Pami\u0119tajmy, \u017ce Ziemi\u0119 mamy tylko jedn\u0105, a jej zasoby s\u0105 ograniczone.&nbsp;<\/p>\n\n\n\n<p><em>Zaj\u0119cia dedykowane s\u0105 dla uczni\u00f3w klas I \u2013 V.<\/em><\/p>\n\n\n\n<p><strong>Historia ksi\u0105\u017cki: od glinianych tabliczek po e-booki<\/strong><\/p>\n\n\n\n<p>Zapoznanie uczni\u00f3w z histori\u0105 ksi\u0105\u017cki od staro\u017cytno\u015bci po wsp\u00f3\u0142czesno\u015b\u0107 (ze szczeg\u00f3lnym uwzgl\u0119dnieniem zmian formy ksi\u0105\u017cki). Zaj\u0119cia praktyczne: kaligrafia \u2013 nauka pisania pi\u00f3rem; tworzenie kreatywnych napis\u00f3w z programem Polona Typo; moje inicja\u0142y \u2013 pisanie liter z u\u017cyciem ozdobnych czcionek.<\/p>\n\n\n\n<p><em>Zaj\u0119cia dedykowane s\u0105 dla uczni\u00f3w klas III \u2013 VI.<\/em><\/p>\n\n\n\n<p><strong>Na tropie informacji<\/strong><\/p>\n\n\n\n<p>Osoba poszukuj\u0105ca informacji stoi przed zadaniem wybrania spo\u015br\u00f3d mnogo\u015bci rodzaj\u00f3w \u017ar\u00f3de\u0142 tych, kt\u00f3re b\u0119d\u0105 dla niej najbardziej przydatne \u2014 a wi\u0119c wiarygodne i u\u017cyteczne. Podczas zaj\u0119\u0107 porozmawiamy o s\u0142ownikach i encyklopediach, ich rodzajach i sposobie korzystania z nich. Dodatkowo po\u0107wiczymy poruszanie si\u0119 w katalogu on-line s\u0119pole\u0144skiej biblioteki, aby samodzielnie m\u00f3c sprawdzi\u0107 czy w bibliotece znajduje si\u0119 interesuj\u0105ca nas pozycja.<\/p>\n\n\n\n<p><em>Zaj\u0119cia dla grup zorganizowanych z klas IV \u2013 VI SP.<\/em><\/p>\n\n\n\n<figure class=\"wp-block-gallery has-nested-images columns-default is-cropped wp-block-gallery-1 is-layout-flex wp-block-gallery-is-layout-flex\">\n<figure class=\"wp-block-image size-large\"><img loading=\"lazy\" decoding=\"async\" width=\"724\" height=\"1024\" data-id=\"16553\" src=\"https:\/\/www.biblioteka-sepolno.pl\/wp-content\/uploads\/2024\/04\/tydzien-bibliotek-1-724x1024.jpg\" alt=\"\" class=\"wp-image-16553\" srcset=\"https:\/\/www.biblioteka-sepolno.pl\/wp-content\/uploads\/2024\/04\/tydzien-bibliotek-1-724x1024.jpg 724w, https:\/\/www.biblioteka-sepolno.pl\/wp-content\/uploads\/2024\/04\/tydzien-bibliotek-1-212x300.jpg 212w, https:\/\/www.biblioteka-sepolno.pl\/wp-content\/uploads\/2024\/04\/tydzien-bibliotek-1-768x1086.jpg 768w, https:\/\/www.biblioteka-sepolno.pl\/wp-content\/uploads\/2024\/04\/tydzien-bibliotek-1-1086x1536.jpg 1086w, https:\/\/www.biblioteka-sepolno.pl\/wp-content\/uploads\/2024\/04\/tydzien-bibliotek-1-1448x2048.jpg 1448w, https:\/\/www.biblioteka-sepolno.pl\/wp-content\/uploads\/2024\/04\/tydzien-bibliotek-1-8x12.jpg 8w, https:\/\/www.biblioteka-sepolno.pl\/wp-content\/uploads\/2024\/04\/tydzien-bibliotek-1.jpg 1587w\" sizes=\"auto, (max-width: 724px) 100vw, 724px\" \/><\/figure>\n<\/figure>","protected":false},"excerpt":{"rendered":"<p>W ramach zbli\u017caj\u0105cego si\u0119 Tygodnia Bibliotek (8-15 maja) przygotowali\u015bmy ofert\u0119 zaj\u0119\u0107 dla grup zorganizowanych W \u015bwiecie Hansa Christiana Andersena Zaj\u0119cia dla dzieci po\u015bwi\u0119cone tw\u00f3rczo\u015bci H.Ch. Andersena inspirowane ksi\u0105\u017ck\u0105 \u201eMali.Wielcy\u201d. Podczas zaj\u0119\u0107 uczestnicy poznaj\u0105 biografi\u0119 pisarza oraz przypomn\u0105 sobie najs\u0142ynniejsze jego ba\u015bnie. Zaj\u0119cia dedykowane s\u0105 dla uczni\u00f3w klas I \u2013 III. Do roboty! Odkryjmy wsp\u00f3lnie zawody, <a href=\"https:\/\/www.biblioteka-sepolno.pl\/en\/news\/biblioteka-miejsce-na-czasie\" class=\"more-link\">&#8230;<span class=\"screen-reader-text\">  \u201eBiblioteka miejsce na czasie\u201d<\/span><\/a><\/p>","protected":false},"author":5,"featured_media":16552,"comment_status":"closed","ping_status":"closed","sticky":false,"template":"","format":"standard","meta":{"_acf_changed":false,"footnotes":""},"categories":[6],"tags":[],"class_list":["post-16551","post","type-post","status-publish","format-standard","has-post-thumbnail","hentry","category-news"],"acf":[],"_links":{"self":[{"href":"https:\/\/www.biblioteka-sepolno.pl\/en\/wp-json\/wp\/v2\/posts\/16551","targetHints":{"allow":["GET"]}}],"collection":[{"href":"https:\/\/www.biblioteka-sepolno.pl\/en\/wp-json\/wp\/v2\/posts"}],"about":[{"href":"https:\/\/www.biblioteka-sepolno.pl\/en\/wp-json\/wp\/v2\/types\/post"}],"author":[{"embeddable":true,"href":"https:\/\/www.biblioteka-sepolno.pl\/en\/wp-json\/wp\/v2\/users\/5"}],"replies":[{"embeddable":true,"href":"https:\/\/www.biblioteka-sepolno.pl\/en\/wp-json\/wp\/v2\/comments?post=16551"}],"version-history":[{"count":1,"href":"https:\/\/www.biblioteka-sepolno.pl\/en\/wp-json\/wp\/v2\/posts\/16551\/revisions"}],"predecessor-version":[{"id":16554,"href":"https:\/\/www.biblioteka-sepolno.pl\/en\/wp-json\/wp\/v2\/posts\/16551\/revisions\/16554"}],"wp:featuredmedia":[{"embeddable":true,"href":"https:\/\/www.biblioteka-sepolno.pl\/en\/wp-json\/wp\/v2\/media\/16552"}],"wp:attachment":[{"href":"https:\/\/www.biblioteka-sepolno.pl\/en\/wp-json\/wp\/v2\/media?parent=16551"}],"wp:term":[{"taxonomy":"category","embeddable":true,"href":"https:\/\/www.biblioteka-sepolno.pl\/en\/wp-json\/wp\/v2\/categories?post=16551"},{"taxonomy":"post_tag","embeddable":true,"href":"https:\/\/www.biblioteka-sepolno.pl\/en\/wp-json\/wp\/v2\/tags?post=16551"}],"curies":[{"name":"wp","href":"https:\/\/api.w.org\/{rel}","templated":true}]}}