{"id":16555,"date":"2024-04-24T14:10:10","date_gmt":"2024-04-24T13:10:10","guid":{"rendered":"https:\/\/www.biblioteka-sepolno.pl\/?p=16555"},"modified":"2024-04-24T14:10:10","modified_gmt":"2024-04-24T13:10:10","slug":"odkrywaj-z-nami-tajemnice-sepolna","status":"publish","type":"post","link":"https:\/\/www.biblioteka-sepolno.pl\/en\/news\/odkrywaj-z-nami-tajemnice-sepolna","title":{"rendered":"Odkrywaj z nami tajemnice S\u0119p\u00f3lna"},"content":{"rendered":"<p>Stowarzyszenie \u201eTrzecie Miejsce\u201d zaprasza dzieci i m\u0142odzie\u017c z Gminy S\u0119p\u00f3lno Kraje\u0144skie do udzia\u0142u w projekcie pn<strong>. \u201e<\/strong><strong>Misia przewodniczka \u2013 S\u0119p\u00f3lna tajemnic stra\u017cniczka\u201d. <\/strong>Razem z g\u0142\u00f3wn\u0105 bohaterk\u0105 ksi\u0105\u017cki Mariusza Niemyckiego \u201ePier\u015bcie\u0144 S\u0119polenki czyli z Misi\u0105 wsp\u00f3lnie po S\u0119p\u00f3lnie\u201d poznawa\u0107 b\u0119dziemy histori\u0119 naszego regionu i jego mieszka\u0144c\u00f3w. W cz\u0119\u015bci pierwszej projektu realizowane b\u0119d\u0105 trzy tematy zaj\u0119\u0107 edukacyjnych, kt\u00f3re zorganizowane zostan\u0105 w s\u0119pole\u0144skiej bibliotece. Pierwsze zaj\u0119cia przeprowadzone w formie zabawy, przeznaczone b\u0119d\u0105 dla grupy mi\u0119dzypokoleniowej (dzieci w wieku 5 \u2013 9 lat oraz ich opiekunowie). Tematem przewodnim b\u0119dzie \u201e<strong>Historia w legendzie zakl\u0119ta\u201d \u2013 czyli jak powsta\u0142y legendy i co m\u00f3wi\u0105 o naszej kulturze?<br><\/strong>Razem z uczniami szk\u00f3\u0142 podstawowych poszukiwa\u0107 b\u0119dziemy r\u00f3wnie\u017c informacji na temat postaci czy zdarze\u0144 fikcyjnych, autentycznych opisanych w ba\u015bniach i legendach polskich oraz naszego regionu. Dowiemy si\u0119 kim byli nasi przodkowie, czym si\u0119 zajmowali oraz w jaki spos\u00f3b mo\u017cna pozna\u0107 histori\u0119 swojej rodziny. Dzieci b\u0119d\u0105 mia\u0142y tak\u017ce mo\u017cliwo\u015b\u0107 uczestniczy\u0107 w konkursie plastycznym pt. \u201eS\u0119p\u00f3lno miasto przysz\u0142o\u015bci\u201d. Autorzy konkursu b\u0119d\u0105 mogli zilustrowa\u0107 rodzinne miasto w dalekiej przysz\u0142o\u015bci. Projekt przewiduje teatr dla dzieci, piknik czytelniczy, warsztaty plastyczne i wiele innych niespodzianek.<\/p>\n\n\n\n<p>Rozpoczynamy <strong>9 maja 2024r. o godz. 15:30<\/strong> cyklem spotka\u0144 mi\u0119dzypokoleniowych. Zapisy na zaj\u0119cia przyjmujemy w oddziale dla dzieci s\u0119pole\u0144skiej biblioteki przy ul. Wojska Polskiego 22. Bli\u017csze informacje uzyska\u0107 mo\u017cna pod numerem telefonu 52388 0220. Liczba miejsc ograniczona.<\/p>\n\n\n\n<p>Projekt finansowany ze \u015brodk\u00f3w Gminy S\u0119p\u00f3lno Kraje\u0144skie realizowany przez Stowarzyszenie \u201eTrzecie Miejsce\u201d przy wsp\u00f3\u0142pracy z Bibliotek\u0105 Publiczn\u0105 im. Jaros\u0142awa Iwaszkiewicza w S\u0119p\u00f3lnie Kraje\u0144skim.<\/p>\n\n\n\n<div class=\"wp-block-file\"><a id=\"wp-block-file--media-1e366f00-c57b-45df-875e-1a3e8ff3862d\" href=\"https:\/\/www.biblioteka-sepolno.pl\/wp-content\/uploads\/2024\/04\/ZGODA-NA-UCZESTNICTWO.docx\">ZGODA-NA-UCZESTNICTWO<\/a><a href=\"https:\/\/www.biblioteka-sepolno.pl\/wp-content\/uploads\/2024\/04\/ZGODA-NA-UCZESTNICTWO.docx\" class=\"wp-block-file__button\" download aria-describedby=\"wp-block-file--media-1e366f00-c57b-45df-875e-1a3e8ff3862d\">Pobierz<\/a><\/div>\n\n\n\n<figure class=\"wp-block-gallery has-nested-images columns-default is-cropped wp-block-gallery-1 is-layout-flex wp-block-gallery-is-layout-flex\">\n<figure class=\"wp-block-image size-large\"><img loading=\"lazy\" decoding=\"async\" width=\"724\" height=\"1024\" data-id=\"16556\" src=\"https:\/\/www.biblioteka-sepolno.pl\/wp-content\/uploads\/2024\/04\/Plakat-projektu-1-724x1024.jpg\" alt=\"\" class=\"wp-image-16556\" srcset=\"https:\/\/www.biblioteka-sepolno.pl\/wp-content\/uploads\/2024\/04\/Plakat-projektu-1-724x1024.jpg 724w, https:\/\/www.biblioteka-sepolno.pl\/wp-content\/uploads\/2024\/04\/Plakat-projektu-1-212x300.jpg 212w, https:\/\/www.biblioteka-sepolno.pl\/wp-content\/uploads\/2024\/04\/Plakat-projektu-1-768x1086.jpg 768w, https:\/\/www.biblioteka-sepolno.pl\/wp-content\/uploads\/2024\/04\/Plakat-projektu-1-1086x1536.jpg 1086w, https:\/\/www.biblioteka-sepolno.pl\/wp-content\/uploads\/2024\/04\/Plakat-projektu-1-8x12.jpg 8w, https:\/\/www.biblioteka-sepolno.pl\/wp-content\/uploads\/2024\/04\/Plakat-projektu-1.jpg 1414w\" sizes=\"auto, (max-width: 724px) 100vw, 724px\" \/><\/figure>\n<\/figure>","protected":false},"excerpt":{"rendered":"<p>Stowarzyszenie \u201eTrzecie Miejsce\u201d zaprasza dzieci i m\u0142odzie\u017c z Gminy S\u0119p\u00f3lno Kraje\u0144skie do udzia\u0142u w projekcie pn. \u201eMisia przewodniczka \u2013 S\u0119p\u00f3lna tajemnic stra\u017cniczka\u201d. Razem z g\u0142\u00f3wn\u0105 bohaterk\u0105 ksi\u0105\u017cki Mariusza Niemyckiego \u201ePier\u015bcie\u0144 S\u0119polenki czyli z Misi\u0105 wsp\u00f3lnie po S\u0119p\u00f3lnie\u201d poznawa\u0107 b\u0119dziemy histori\u0119 naszego regionu i jego mieszka\u0144c\u00f3w. W cz\u0119\u015bci pierwszej projektu realizowane b\u0119d\u0105 trzy tematy zaj\u0119\u0107 edukacyjnych, <a href=\"https:\/\/www.biblioteka-sepolno.pl\/en\/news\/odkrywaj-z-nami-tajemnice-sepolna\" class=\"more-link\">&#8230;<span class=\"screen-reader-text\">  Odkrywaj z nami tajemnice S\u0119p\u00f3lna<\/span><\/a><\/p>","protected":false},"author":5,"featured_media":16556,"comment_status":"closed","ping_status":"closed","sticky":false,"template":"","format":"standard","meta":{"_acf_changed":false,"footnotes":""},"categories":[6],"tags":[],"class_list":["post-16555","post","type-post","status-publish","format-standard","has-post-thumbnail","hentry","category-news"],"acf":[],"_links":{"self":[{"href":"https:\/\/www.biblioteka-sepolno.pl\/en\/wp-json\/wp\/v2\/posts\/16555","targetHints":{"allow":["GET"]}}],"collection":[{"href":"https:\/\/www.biblioteka-sepolno.pl\/en\/wp-json\/wp\/v2\/posts"}],"about":[{"href":"https:\/\/www.biblioteka-sepolno.pl\/en\/wp-json\/wp\/v2\/types\/post"}],"author":[{"embeddable":true,"href":"https:\/\/www.biblioteka-sepolno.pl\/en\/wp-json\/wp\/v2\/users\/5"}],"replies":[{"embeddable":true,"href":"https:\/\/www.biblioteka-sepolno.pl\/en\/wp-json\/wp\/v2\/comments?post=16555"}],"version-history":[{"count":1,"href":"https:\/\/www.biblioteka-sepolno.pl\/en\/wp-json\/wp\/v2\/posts\/16555\/revisions"}],"predecessor-version":[{"id":16558,"href":"https:\/\/www.biblioteka-sepolno.pl\/en\/wp-json\/wp\/v2\/posts\/16555\/revisions\/16558"}],"wp:featuredmedia":[{"embeddable":true,"href":"https:\/\/www.biblioteka-sepolno.pl\/en\/wp-json\/wp\/v2\/media\/16556"}],"wp:attachment":[{"href":"https:\/\/www.biblioteka-sepolno.pl\/en\/wp-json\/wp\/v2\/media?parent=16555"}],"wp:term":[{"taxonomy":"category","embeddable":true,"href":"https:\/\/www.biblioteka-sepolno.pl\/en\/wp-json\/wp\/v2\/categories?post=16555"},{"taxonomy":"post_tag","embeddable":true,"href":"https:\/\/www.biblioteka-sepolno.pl\/en\/wp-json\/wp\/v2\/tags?post=16555"}],"curies":[{"name":"wp","href":"https:\/\/api.w.org\/{rel}","templated":true}]}}