{"id":16560,"date":"2024-04-30T10:24:42","date_gmt":"2024-04-30T09:24:42","guid":{"rendered":"https:\/\/www.biblioteka-sepolno.pl\/?p=16560"},"modified":"2024-04-30T10:24:42","modified_gmt":"2024-04-30T09:24:42","slug":"spotkanie-autorskie-z-radoslawem-mlynarczykiem","status":"publish","type":"post","link":"https:\/\/www.biblioteka-sepolno.pl\/en\/news\/spotkanie-autorskie-z-radoslawem-mlynarczykiem","title":{"rendered":"Spotkanie autorskie z Rados\u0142awem M\u0142ynarczykiem"},"content":{"rendered":"<p>Zanim rozpoczniemy maj\u00f3wk\u0119, mamy dla Pa\u0144stwa dobr\u0105 informacj\u0119.<\/p>\n\n\n\n<p>9 maja o godz. 17:00 w bibliotece odb\u0119dzie si\u0119 spotkanie z Rados\u0142awem M\u0142ynarczykiem, autorem ksi\u0105\u017cki &#8222;H\u0142asko. Proletariacki ksi\u0105\u017c\u0119&#8221;.<\/p>\n\n\n\n<p>Marek H\u0142asko &#8211; James Dean znad Wis\u0142y, enfant terrible polskiej odwil\u017cy, symbol straconego pokolenia. Pisarz z \u017cyciorysem obros\u0142ym legend\u0105. A 9 maja &#8211; bohater naszej rozmowy z Panem Rados\u0142awem. Zapraszamy!<\/p>\n\n\n\n<p>Wydarzenie odb\u0119dzie si\u0119 w ramach realizacji projektu pt. &#8222;Akademia wyobra\u017ani&#8221;, dofinansowanego przez Gmin\u0119 S\u0119p\u00f3lno Kraje\u0144skie, a realizowanego przez Stowarzyszenie Trzecie Miejsce.<\/p>\n\n\n\n<figure class=\"wp-block-image size-large\"><img loading=\"lazy\" decoding=\"async\" width=\"724\" height=\"1024\" src=\"https:\/\/www.biblioteka-sepolno.pl\/wp-content\/uploads\/2024\/04\/SPOTKANIE-AUTORSKIE-Z-PRZEMYSLAWEM-MLYNARCZYKIEM-724x1024.png\" alt=\"\" class=\"wp-image-16561\" srcset=\"https:\/\/www.biblioteka-sepolno.pl\/wp-content\/uploads\/2024\/04\/SPOTKANIE-AUTORSKIE-Z-PRZEMYSLAWEM-MLYNARCZYKIEM-724x1024.png 724w, https:\/\/www.biblioteka-sepolno.pl\/wp-content\/uploads\/2024\/04\/SPOTKANIE-AUTORSKIE-Z-PRZEMYSLAWEM-MLYNARCZYKIEM-212x300.png 212w, https:\/\/www.biblioteka-sepolno.pl\/wp-content\/uploads\/2024\/04\/SPOTKANIE-AUTORSKIE-Z-PRZEMYSLAWEM-MLYNARCZYKIEM-768x1086.png 768w, https:\/\/www.biblioteka-sepolno.pl\/wp-content\/uploads\/2024\/04\/SPOTKANIE-AUTORSKIE-Z-PRZEMYSLAWEM-MLYNARCZYKIEM-1086x1536.png 1086w, https:\/\/www.biblioteka-sepolno.pl\/wp-content\/uploads\/2024\/04\/SPOTKANIE-AUTORSKIE-Z-PRZEMYSLAWEM-MLYNARCZYKIEM-1448x2048.png 1448w, https:\/\/www.biblioteka-sepolno.pl\/wp-content\/uploads\/2024\/04\/SPOTKANIE-AUTORSKIE-Z-PRZEMYSLAWEM-MLYNARCZYKIEM-8x12.png 8w, https:\/\/www.biblioteka-sepolno.pl\/wp-content\/uploads\/2024\/04\/SPOTKANIE-AUTORSKIE-Z-PRZEMYSLAWEM-MLYNARCZYKIEM.png 1587w\" sizes=\"auto, (max-width: 724px) 100vw, 724px\" \/><\/figure>","protected":false},"excerpt":{"rendered":"<p>Zanim rozpoczniemy maj\u00f3wk\u0119, mamy dla Pa\u0144stwa dobr\u0105 informacj\u0119. 9 maja o godz. 17:00 w bibliotece odb\u0119dzie si\u0119 spotkanie z Rados\u0142awem M\u0142ynarczykiem, autorem ksi\u0105\u017cki &#8222;H\u0142asko. Proletariacki ksi\u0105\u017c\u0119&#8221;. Marek H\u0142asko &#8211; James Dean znad Wis\u0142y, enfant terrible polskiej odwil\u017cy, symbol straconego pokolenia. Pisarz z \u017cyciorysem obros\u0142ym legend\u0105. A 9 maja &#8211; bohater naszej rozmowy z Panem Rados\u0142awem. <a href=\"https:\/\/www.biblioteka-sepolno.pl\/en\/news\/spotkanie-autorskie-z-radoslawem-mlynarczykiem\" class=\"more-link\">&#8230;<span class=\"screen-reader-text\">  Spotkanie autorskie z Rados\u0142awem M\u0142ynarczykiem<\/span><\/a><\/p>","protected":false},"author":5,"featured_media":0,"comment_status":"closed","ping_status":"closed","sticky":false,"template":"","format":"standard","meta":{"_acf_changed":false,"footnotes":""},"categories":[6],"tags":[],"class_list":["post-16560","post","type-post","status-publish","format-standard","hentry","category-news"],"acf":[],"_links":{"self":[{"href":"https:\/\/www.biblioteka-sepolno.pl\/en\/wp-json\/wp\/v2\/posts\/16560","targetHints":{"allow":["GET"]}}],"collection":[{"href":"https:\/\/www.biblioteka-sepolno.pl\/en\/wp-json\/wp\/v2\/posts"}],"about":[{"href":"https:\/\/www.biblioteka-sepolno.pl\/en\/wp-json\/wp\/v2\/types\/post"}],"author":[{"embeddable":true,"href":"https:\/\/www.biblioteka-sepolno.pl\/en\/wp-json\/wp\/v2\/users\/5"}],"replies":[{"embeddable":true,"href":"https:\/\/www.biblioteka-sepolno.pl\/en\/wp-json\/wp\/v2\/comments?post=16560"}],"version-history":[{"count":1,"href":"https:\/\/www.biblioteka-sepolno.pl\/en\/wp-json\/wp\/v2\/posts\/16560\/revisions"}],"predecessor-version":[{"id":16562,"href":"https:\/\/www.biblioteka-sepolno.pl\/en\/wp-json\/wp\/v2\/posts\/16560\/revisions\/16562"}],"wp:attachment":[{"href":"https:\/\/www.biblioteka-sepolno.pl\/en\/wp-json\/wp\/v2\/media?parent=16560"}],"wp:term":[{"taxonomy":"category","embeddable":true,"href":"https:\/\/www.biblioteka-sepolno.pl\/en\/wp-json\/wp\/v2\/categories?post=16560"},{"taxonomy":"post_tag","embeddable":true,"href":"https:\/\/www.biblioteka-sepolno.pl\/en\/wp-json\/wp\/v2\/tags?post=16560"}],"curies":[{"name":"wp","href":"https:\/\/api.w.org\/{rel}","templated":true}]}}