{"id":16804,"date":"2024-07-25T08:00:49","date_gmt":"2024-07-25T07:00:49","guid":{"rendered":"https:\/\/www.biblioteka-sepolno.pl\/?p=16804"},"modified":"2024-07-25T10:08:35","modified_gmt":"2024-07-25T09:08:35","slug":"zapraszamy-na-wieczor-muzyczno-satyryczny","status":"publish","type":"post","link":"https:\/\/www.biblioteka-sepolno.pl\/en\/news\/zapraszamy-na-wieczor-muzyczno-satyryczny","title":{"rendered":"Zapraszamy na Wiecz\u00f3r muzyczno-satyryczny"},"content":{"rendered":"<p>Zapraszamy na wiecz\u00f3r muzyczno-satyryczny po\u015bwi\u0119cony ks. kanonikowi Jerzemu Wincentowi Sobocie, kt\u00f3ry odb\u0119dzie si\u0119 1 sierpnia 2024 r. o godz. 16:00 w siedzibie naszej biblioteki. Spotkanie b\u0119dzie po\u0142\u0105czone z promocj\u0105 ksi\u0105\u017cki &#8222;Impresje satyryczne&#8221;.<\/p>\n\n\n\n<p>Ksi\u0105dz Kanonik Jerzy Wincenty Sobota \u2013 kap\u0142an diecezji toru\u0144skiej, pochodz\u0105cy z S\u0119p\u00f3lna<br>Kraje\u0144skiego, absolwent teologii pastoralnej i muzykologii Katolickiego Uniwersytetu<br>Lubelskiego, kanonik gremialny Kapitu\u0142y Kolegiackiej Grudzi\u0105dzkiej, wieloletni proboszcz<br>parafii pw. Ducha \u015awi\u0119tego w Grudzi\u0105dzu; autor tekstu i kompozytor wielu utwor\u00f3w<br>religijnych i patriotycznych m.in. \u201ePie\u015bni o Grudzi\u0105dzu\u201d, \u201eHymnu S\u0119p\u00f3lna Kraje\u0144skiego\u201d czy<br>\u201ePie\u015bni o Nowym Mie\u015bcie Lubawskim\u201d. Znany jest r\u00f3wnie\u017c z pi\u0119knego g\u0142osu, g\u0142oszonych<br>porywaj\u0105cych kaza\u0144 oraz zainteresowa\u0144 muzycznych i literackich, w szczeg\u00f3lno\u015bci<br>satyrycznych. Zawsze poszukiwa\u0142 bezpo\u015bredniego kontaktu z drugim cz\u0142owiekiem, a<br>pomaga\u0142y mu w tym jego pasje.<\/p>\n\n\n\n<figure class=\"wp-block-image size-large\"><img loading=\"lazy\" decoding=\"async\" width=\"724\" height=\"1024\" src=\"https:\/\/www.biblioteka-sepolno.pl\/wp-content\/uploads\/2024\/07\/Zaproszenie-724x1024.png\" alt=\"\" class=\"wp-image-16805\" srcset=\"https:\/\/www.biblioteka-sepolno.pl\/wp-content\/uploads\/2024\/07\/Zaproszenie-724x1024.png 724w, https:\/\/www.biblioteka-sepolno.pl\/wp-content\/uploads\/2024\/07\/Zaproszenie-212x300.png 212w, https:\/\/www.biblioteka-sepolno.pl\/wp-content\/uploads\/2024\/07\/Zaproszenie-768x1086.png 768w, https:\/\/www.biblioteka-sepolno.pl\/wp-content\/uploads\/2024\/07\/Zaproszenie-1086x1536.png 1086w, https:\/\/www.biblioteka-sepolno.pl\/wp-content\/uploads\/2024\/07\/Zaproszenie-1448x2048.png 1448w, https:\/\/www.biblioteka-sepolno.pl\/wp-content\/uploads\/2024\/07\/Zaproszenie-8x12.png 8w, https:\/\/www.biblioteka-sepolno.pl\/wp-content\/uploads\/2024\/07\/Zaproszenie.png 1587w\" sizes=\"auto, (max-width: 724px) 100vw, 724px\" \/><\/figure>","protected":false},"excerpt":{"rendered":"<p>Zapraszamy na wiecz\u00f3r muzyczno-satyryczny po\u015bwi\u0119cony ks. kanonikowi Jerzemu Wincentowi Sobocie, kt\u00f3ry odb\u0119dzie si\u0119 1 sierpnia 2024 r. o godz. 16:00 w siedzibie naszej biblioteki. Spotkanie b\u0119dzie po\u0142\u0105czone z promocj\u0105 ksi\u0105\u017cki &#8222;Impresje satyryczne&#8221;. Ksi\u0105dz Kanonik Jerzy Wincenty Sobota \u2013 kap\u0142an diecezji toru\u0144skiej, pochodz\u0105cy z S\u0119p\u00f3lnaKraje\u0144skiego, absolwent teologii pastoralnej i muzykologii Katolickiego UniwersytetuLubelskiego, kanonik gremialny Kapitu\u0142y Kolegiackiej <a href=\"https:\/\/www.biblioteka-sepolno.pl\/en\/news\/zapraszamy-na-wieczor-muzyczno-satyryczny\" class=\"more-link\">&#8230;<span class=\"screen-reader-text\">  Zapraszamy na Wiecz\u00f3r muzyczno-satyryczny<\/span><\/a><\/p>","protected":false},"author":5,"featured_media":0,"comment_status":"closed","ping_status":"closed","sticky":false,"template":"","format":"standard","meta":{"_acf_changed":false,"footnotes":""},"categories":[6],"tags":[],"class_list":["post-16804","post","type-post","status-publish","format-standard","hentry","category-news"],"acf":[],"_links":{"self":[{"href":"https:\/\/www.biblioteka-sepolno.pl\/en\/wp-json\/wp\/v2\/posts\/16804","targetHints":{"allow":["GET"]}}],"collection":[{"href":"https:\/\/www.biblioteka-sepolno.pl\/en\/wp-json\/wp\/v2\/posts"}],"about":[{"href":"https:\/\/www.biblioteka-sepolno.pl\/en\/wp-json\/wp\/v2\/types\/post"}],"author":[{"embeddable":true,"href":"https:\/\/www.biblioteka-sepolno.pl\/en\/wp-json\/wp\/v2\/users\/5"}],"replies":[{"embeddable":true,"href":"https:\/\/www.biblioteka-sepolno.pl\/en\/wp-json\/wp\/v2\/comments?post=16804"}],"version-history":[{"count":2,"href":"https:\/\/www.biblioteka-sepolno.pl\/en\/wp-json\/wp\/v2\/posts\/16804\/revisions"}],"predecessor-version":[{"id":16810,"href":"https:\/\/www.biblioteka-sepolno.pl\/en\/wp-json\/wp\/v2\/posts\/16804\/revisions\/16810"}],"wp:attachment":[{"href":"https:\/\/www.biblioteka-sepolno.pl\/en\/wp-json\/wp\/v2\/media?parent=16804"}],"wp:term":[{"taxonomy":"category","embeddable":true,"href":"https:\/\/www.biblioteka-sepolno.pl\/en\/wp-json\/wp\/v2\/categories?post=16804"},{"taxonomy":"post_tag","embeddable":true,"href":"https:\/\/www.biblioteka-sepolno.pl\/en\/wp-json\/wp\/v2\/tags?post=16804"}],"curies":[{"name":"wp","href":"https:\/\/api.w.org\/{rel}","templated":true}]}}