{"id":16807,"date":"2024-07-25T08:05:22","date_gmt":"2024-07-25T07:05:22","guid":{"rendered":"https:\/\/www.biblioteka-sepolno.pl\/?p=16807"},"modified":"2024-07-25T08:05:22","modified_gmt":"2024-07-25T07:05:22","slug":"wieczor-poetycki-z-kamila-gorynska-chukwuezi","status":"publish","type":"post","link":"https:\/\/www.biblioteka-sepolno.pl\/en\/news\/wieczor-poetycki-z-kamila-gorynska-chukwuezi","title":{"rendered":"Wiecz\u00f3r poetycki z Kamil\u0105 Gory\u0144sk\u0105-Chukwuezi"},"content":{"rendered":"<p>7 sierpnia 2024 roku o godz. 18:30 w siedzibie biblioteki odb\u0119dzie si\u0119 wiecz\u00f3r poetycki z Kamil\u0105 Gory\u0144sk\u0105-Chukwuezi, autork\u0105 trzech tomik\u00f3w wierszy. Zapraszamy!<\/p>\n\n\n\n<p> <\/p>\n\n\n\n<figure class=\"wp-block-image size-large\"><img loading=\"lazy\" decoding=\"async\" width=\"804\" height=\"1024\" src=\"https:\/\/www.biblioteka-sepolno.pl\/wp-content\/uploads\/2024\/07\/Dotknij-Poezji-PLAKAT-2-804x1024.png\" alt=\"\" class=\"wp-image-16808\" srcset=\"https:\/\/www.biblioteka-sepolno.pl\/wp-content\/uploads\/2024\/07\/Dotknij-Poezji-PLAKAT-2-804x1024.png 804w, https:\/\/www.biblioteka-sepolno.pl\/wp-content\/uploads\/2024\/07\/Dotknij-Poezji-PLAKAT-2-236x300.png 236w, https:\/\/www.biblioteka-sepolno.pl\/wp-content\/uploads\/2024\/07\/Dotknij-Poezji-PLAKAT-2-768x978.png 768w, https:\/\/www.biblioteka-sepolno.pl\/wp-content\/uploads\/2024\/07\/Dotknij-Poezji-PLAKAT-2-1207x1536.png 1207w, https:\/\/www.biblioteka-sepolno.pl\/wp-content\/uploads\/2024\/07\/Dotknij-Poezji-PLAKAT-2-9x12.png 9w, https:\/\/www.biblioteka-sepolno.pl\/wp-content\/uploads\/2024\/07\/Dotknij-Poezji-PLAKAT-2.png 1571w\" sizes=\"auto, (max-width: 804px) 100vw, 804px\" \/><\/figure>","protected":false},"excerpt":{"rendered":"<p>7 sierpnia 2024 roku o godz. 18:30 w siedzibie biblioteki odb\u0119dzie si\u0119 wiecz\u00f3r poetycki z Kamil\u0105 Gory\u0144sk\u0105-Chukwuezi, autork\u0105 trzech tomik\u00f3w wierszy. Zapraszamy!<\/p>","protected":false},"author":5,"featured_media":0,"comment_status":"closed","ping_status":"closed","sticky":false,"template":"","format":"standard","meta":{"_acf_changed":false,"footnotes":""},"categories":[6],"tags":[],"class_list":["post-16807","post","type-post","status-publish","format-standard","hentry","category-news"],"acf":[],"_links":{"self":[{"href":"https:\/\/www.biblioteka-sepolno.pl\/en\/wp-json\/wp\/v2\/posts\/16807","targetHints":{"allow":["GET"]}}],"collection":[{"href":"https:\/\/www.biblioteka-sepolno.pl\/en\/wp-json\/wp\/v2\/posts"}],"about":[{"href":"https:\/\/www.biblioteka-sepolno.pl\/en\/wp-json\/wp\/v2\/types\/post"}],"author":[{"embeddable":true,"href":"https:\/\/www.biblioteka-sepolno.pl\/en\/wp-json\/wp\/v2\/users\/5"}],"replies":[{"embeddable":true,"href":"https:\/\/www.biblioteka-sepolno.pl\/en\/wp-json\/wp\/v2\/comments?post=16807"}],"version-history":[{"count":1,"href":"https:\/\/www.biblioteka-sepolno.pl\/en\/wp-json\/wp\/v2\/posts\/16807\/revisions"}],"predecessor-version":[{"id":16809,"href":"https:\/\/www.biblioteka-sepolno.pl\/en\/wp-json\/wp\/v2\/posts\/16807\/revisions\/16809"}],"wp:attachment":[{"href":"https:\/\/www.biblioteka-sepolno.pl\/en\/wp-json\/wp\/v2\/media?parent=16807"}],"wp:term":[{"taxonomy":"category","embeddable":true,"href":"https:\/\/www.biblioteka-sepolno.pl\/en\/wp-json\/wp\/v2\/categories?post=16807"},{"taxonomy":"post_tag","embeddable":true,"href":"https:\/\/www.biblioteka-sepolno.pl\/en\/wp-json\/wp\/v2\/tags?post=16807"}],"curies":[{"name":"wp","href":"https:\/\/api.w.org\/{rel}","templated":true}]}}