{"id":16865,"date":"2024-08-05T13:55:42","date_gmt":"2024-08-05T12:55:42","guid":{"rendered":"https:\/\/www.biblioteka-sepolno.pl\/?p=16865"},"modified":"2024-08-05T13:56:13","modified_gmt":"2024-08-05T12:56:13","slug":"a-to-sepolno-wlasnie-czyli-co","status":"publish","type":"post","link":"https:\/\/www.biblioteka-sepolno.pl\/en\/news\/a-to-sepolno-wlasnie-czyli-co","title":{"rendered":"&#8222;A to S\u0119p\u00f3lno w\u0142a\u015bnie&#8230;&#8221;. Czyli co?"},"content":{"rendered":"<p>W najbli\u017cszy czwartek, 8 sierpnia o godz. 16:30, w bibliotece odb\u0119dzie si\u0119 wernisa\u017c wystawy po\u0142\u0105czony z og\u0142oszeniem wynik\u00f3w konkursu fotograficznego.<\/p>\n\n\n\n<p>Konkurs pod tytu\u0142em &#8222;A to S\u0119p\u00f3lno w\u0142a\u015bnie&#8230;&#8221; zorganizowany zosta\u0142 przez Stowarzyszenie Trzecie Miejsce.<\/p>\n\n\n\n<p>Celem konkursu by\u0142o promowanie S\u0119p\u00f3lna Kraje\u0144skiego, uwra\u017cliwienie lokalnej spo\u0142eczno\u015bci na walory naszego miasta,\u00a0rozw\u00f3j kreatywno\u015bci i wra\u017cliwo\u015bci fotograficznej oraz\u00a0rozwijanie i kszta\u0142towanie \u015bwiadomo\u015bci estetycznej.<\/p>\n\n\n\n<p>Zadanie konkursowe polega\u0142o na zg\u0142oszeniu zdj\u0119cia dokumentuj\u0105cego&#8230; urok S\u0119p\u00f3lna Kraje\u0144skiego!<\/p>\n\n\n\n<p>Na konkurs wp\u0142yn\u0119\u0142o 12 prac. Co wed\u0142ug ich autor\u00f3w stanowi o uroku stolicy powiatu? Przekonamy si\u0119 o tym w\u0142a\u015bnie na wspomnianym wy\u017cej wernisa\u017cu. Wszystkie zg\u0142oszone prace zostan\u0105 bowiem wyeksponowane w s\u0119pole\u0144skiej ksi\u0105\u017cnicy.<\/p>\n\n\n\n<p>Konkurs oraz wystawa odbywaj\u0105 si\u0119 w ramach realizacji projektu pt. \u201eAkademia wyobra\u017ani\u201d, dofinansowanego przez Gmin\u0119 S\u0119p\u00f3lno Kraje\u0144skie, a realizowanego przez Stowarzyszenie Trzecie Miejsce<\/p>\n\n\n\n<figure class=\"wp-block-image size-large\"><img loading=\"lazy\" decoding=\"async\" width=\"724\" height=\"1024\" src=\"https:\/\/www.biblioteka-sepolno.pl\/wp-content\/uploads\/2024\/08\/plakat-wernisaz-724x1024.jpg\" alt=\"\" class=\"wp-image-16866\" srcset=\"https:\/\/www.biblioteka-sepolno.pl\/wp-content\/uploads\/2024\/08\/plakat-wernisaz-724x1024.jpg 724w, https:\/\/www.biblioteka-sepolno.pl\/wp-content\/uploads\/2024\/08\/plakat-wernisaz-212x300.jpg 212w, https:\/\/www.biblioteka-sepolno.pl\/wp-content\/uploads\/2024\/08\/plakat-wernisaz-768x1086.jpg 768w, https:\/\/www.biblioteka-sepolno.pl\/wp-content\/uploads\/2024\/08\/plakat-wernisaz-1086x1536.jpg 1086w, https:\/\/www.biblioteka-sepolno.pl\/wp-content\/uploads\/2024\/08\/plakat-wernisaz-1448x2048.jpg 1448w, https:\/\/www.biblioteka-sepolno.pl\/wp-content\/uploads\/2024\/08\/plakat-wernisaz-8x12.jpg 8w, https:\/\/www.biblioteka-sepolno.pl\/wp-content\/uploads\/2024\/08\/plakat-wernisaz.jpg 1587w\" sizes=\"auto, (max-width: 724px) 100vw, 724px\" \/><\/figure>","protected":false},"excerpt":{"rendered":"<p>W najbli\u017cszy czwartek, 8 sierpnia o godz. 16:30, w bibliotece odb\u0119dzie si\u0119 wernisa\u017c wystawy po\u0142\u0105czony z og\u0142oszeniem wynik\u00f3w konkursu fotograficznego. Konkurs pod tytu\u0142em &#8222;A to S\u0119p\u00f3lno w\u0142a\u015bnie&#8230;&#8221; zorganizowany zosta\u0142 przez Stowarzyszenie Trzecie Miejsce. Celem konkursu by\u0142o promowanie S\u0119p\u00f3lna Kraje\u0144skiego, uwra\u017cliwienie lokalnej spo\u0142eczno\u015bci na walory naszego miasta,\u00a0rozw\u00f3j kreatywno\u015bci i wra\u017cliwo\u015bci fotograficznej oraz\u00a0rozwijanie i kszta\u0142towanie \u015bwiadomo\u015bci estetycznej. <a href=\"https:\/\/www.biblioteka-sepolno.pl\/en\/news\/a-to-sepolno-wlasnie-czyli-co\" class=\"more-link\">&#8230;<span class=\"screen-reader-text\">  &#8222;A to S\u0119p\u00f3lno w\u0142a\u015bnie&#8230;&#8221;. Czyli co?<\/span><\/a><\/p>","protected":false},"author":5,"featured_media":16866,"comment_status":"closed","ping_status":"closed","sticky":false,"template":"","format":"standard","meta":{"_acf_changed":false,"footnotes":""},"categories":[6],"tags":[],"class_list":["post-16865","post","type-post","status-publish","format-standard","has-post-thumbnail","hentry","category-news"],"acf":[],"_links":{"self":[{"href":"https:\/\/www.biblioteka-sepolno.pl\/en\/wp-json\/wp\/v2\/posts\/16865","targetHints":{"allow":["GET"]}}],"collection":[{"href":"https:\/\/www.biblioteka-sepolno.pl\/en\/wp-json\/wp\/v2\/posts"}],"about":[{"href":"https:\/\/www.biblioteka-sepolno.pl\/en\/wp-json\/wp\/v2\/types\/post"}],"author":[{"embeddable":true,"href":"https:\/\/www.biblioteka-sepolno.pl\/en\/wp-json\/wp\/v2\/users\/5"}],"replies":[{"embeddable":true,"href":"https:\/\/www.biblioteka-sepolno.pl\/en\/wp-json\/wp\/v2\/comments?post=16865"}],"version-history":[{"count":2,"href":"https:\/\/www.biblioteka-sepolno.pl\/en\/wp-json\/wp\/v2\/posts\/16865\/revisions"}],"predecessor-version":[{"id":16868,"href":"https:\/\/www.biblioteka-sepolno.pl\/en\/wp-json\/wp\/v2\/posts\/16865\/revisions\/16868"}],"wp:featuredmedia":[{"embeddable":true,"href":"https:\/\/www.biblioteka-sepolno.pl\/en\/wp-json\/wp\/v2\/media\/16866"}],"wp:attachment":[{"href":"https:\/\/www.biblioteka-sepolno.pl\/en\/wp-json\/wp\/v2\/media?parent=16865"}],"wp:term":[{"taxonomy":"category","embeddable":true,"href":"https:\/\/www.biblioteka-sepolno.pl\/en\/wp-json\/wp\/v2\/categories?post=16865"},{"taxonomy":"post_tag","embeddable":true,"href":"https:\/\/www.biblioteka-sepolno.pl\/en\/wp-json\/wp\/v2\/tags?post=16865"}],"curies":[{"name":"wp","href":"https:\/\/api.w.org\/{rel}","templated":true}]}}