{"id":18231,"date":"2025-10-24T08:23:26","date_gmt":"2025-10-24T07:23:26","guid":{"rendered":"https:\/\/www.biblioteka-sepolno.pl\/?p=18231"},"modified":"2025-10-24T08:23:26","modified_gmt":"2025-10-24T07:23:26","slug":"konkurs-czytelniczy","status":"publish","type":"post","link":"https:\/\/www.biblioteka-sepolno.pl\/en\/news\/konkurs-czytelniczy","title":{"rendered":"Konkurs czytelniczy!"},"content":{"rendered":"\n<p>Zapraszamy uczni\u00f3w klas 2 i 3 szk\u00f3\u0142 podstawowych z Gminy S\u0119p\u00f3lno Kraje\u0144skie do udzia\u0142u w konkursie czytelniczym na podstawie ksi\u0105\u017cki \u201eNiesamowite przygody dziesi\u0119ciu skarpetek\u201d autorstwa Justyny Bednarek.<\/p>\n\n\n\n<p><a><\/a><img loading=\"lazy\" decoding=\"async\" height=\"16\" width=\"16\" alt=\"\ud83d\udc63\" src=\"https:\/\/static.xx.fbcdn.net\/images\/emoji.php\/v9\/t89\/1\/16\/1f463.png\"> Czy wiesz, co si\u0119 dzieje z zagubionymi skarpetkami?<\/p>\n\n\n\n<p>Je\u015bli chcesz pozna\u0107 ich niesamowite losy i sprawdzi\u0107 swoj\u0105 pami\u0119\u0107, ten konkurs jest w\u0142a\u015bnie dla Ciebie!<\/p>\n\n\n\n<p><img loading=\"lazy\" decoding=\"async\" height=\"16\" width=\"16\" alt=\"\ud83d\udd0e\" src=\"https:\/\/static.xx.fbcdn.net\/images\/emoji.php\/v9\/t42\/1\/16\/1f50e.png\"> Na uczestnik\u00f3w czeka: test z 20 pyta\u0144 zamkni\u0119tych sprawdzaj\u0105cy znajomo\u015b\u0107 ksi\u0105\u017cki, upominki dla wszystkich uczestnik\u00f3w oraz atrakcyjne nagrody dla trzech najlepszych uczestnik\u00f3w:<\/p>\n\n\n\n<p>I miejsce \u2013 voucher o warto\u015bci 500 z\u0142<\/p>\n\n\n\n<p>II miejsce \u2013 voucher o warto\u015bci 400 z\u0142<\/p>\n\n\n\n<p>II miejsce \u2013 voucher o warto\u015bci 300 z\u0142<\/p>\n\n\n\n<p><img loading=\"lazy\" decoding=\"async\" height=\"16\" width=\"16\" alt=\"\ud83d\udccd\" src=\"https:\/\/static.xx.fbcdn.net\/images\/emoji.php\/v9\/t2d\/1\/16\/1f4cd.png\"> Miejsce konkursu: Biblioteka Publiczna im. J. Iwaszkiewicza w S\u0119p\u00f3lnie Kraje\u0144skim<\/p>\n\n\n\n<p><img loading=\"lazy\" decoding=\"async\" height=\"16\" width=\"16\" alt=\"\ud83d\udcc6\" src=\"https:\/\/static.xx.fbcdn.net\/images\/emoji.php\/v9\/tff\/1\/16\/1f4c6.png\"> Data konkursu: 01.12.2025 r.<\/p>\n\n\n\n<p><img loading=\"lazy\" decoding=\"async\" height=\"16\" width=\"16\" alt=\"\ud83d\udd52\" src=\"https:\/\/static.xx.fbcdn.net\/images\/emoji.php\/v9\/taa\/1\/16\/1f552.png\"> Godzina rozpocz\u0119cia: 9:00<\/p>\n\n\n\n<p>Zg\u0142oszenia przyjmujemy do: 21.11.2025<\/p>\n\n\n\n<p><img loading=\"lazy\" decoding=\"async\" height=\"16\" width=\"16\" alt=\"\ud83d\udce7\" src=\"https:\/\/static.xx.fbcdn.net\/images\/emoji.php\/v9\/tbe\/1\/16\/1f4e7.png\"> Zg\u0142oszenia prosimy przesy\u0142a\u0107 na adres: dziecieca@biblioteka-sepolno.pl lub dostarczy\u0107 do biblioteki (ul. Wojska Polskiego 22, I pi\u0119tro)<\/p>\n\n\n\n<p><img loading=\"lazy\" decoding=\"async\" height=\"16\" width=\"16\" alt=\"\ud83d\udcde\" src=\"https:\/\/static.xx.fbcdn.net\/images\/emoji.php\/v9\/t4d\/1\/16\/1f4de.png\"> Kontakt telefoniczny: 52 388 02 20<\/p>\n\n\n\n<p>@ORLENArt&amp;Science<br><a rel=\"noreferrer noopener\" href=\"https:\/\/www.facebook.com\/ORLENArtScience?__cft__%5b0%5d=AZVcsDaDH5Dhd68qmy7FsTalBxNIbre4oAu30yeByVivW8gYERu82D3dqcCRlMNyhN65b4wOn7ARWdyswEQYvljgSTodptgAxlbtKUhFcFPyntTegJuWkNj5OholzVK7SSXvYT_KwDhihj0IPbVoHGX_K36R1wPVEYk5Pj7tvqvfcLBzoppBSh5e_GN4welNq-k&amp;__tn__=-%5dK-R\" target=\"_blank\">https:\/\/www.facebook.com\/ORLENArtScience\/<\/a><\/p>\n\n\n\n<p>@FundacjaORLEN\u0141ukasiewicza<br><a rel=\"noreferrer noopener\" href=\"https:\/\/www.facebook.com\/fundacjaorlenlukasiewicza?__cft__%5b0%5d=AZVcsDaDH5Dhd68qmy7FsTalBxNIbre4oAu30yeByVivW8gYERu82D3dqcCRlMNyhN65b4wOn7ARWdyswEQYvljgSTodptgAxlbtKUhFcFPyntTegJuWkNj5OholzVK7SSXvYT_KwDhihj0IPbVoHGX_K36R1wPVEYk5Pj7tvqvfcLBzoppBSh5e_GN4welNq-k&amp;__tn__=-%5dK-R\" target=\"_blank\">https:\/\/www.facebook.com\/fundacjaorlenlukasiewicza<\/a><\/p>\n\n\n\n<p><a href=\"https:\/\/www.facebook.com\/hashtag\/kulturalnyorlen?__eep__=6&amp;__cft__[0]=AZXxG9CJv9rXgnAqY2KRU822kXmdaa_S62U7qjRmq5s_dtlFtkcatOxZU6l5RWXnyJMYr1b-GC6kV5H2OXOqbCsHv7_EFKQn64TdPqsXMayT3Sia3s2aXp2kY_TYiRqf3u03S4V8MXs6efZrCowEB3vQ&amp;__tn__=*NK-R\">#KulturalnyORLEN<\/a><\/p>\n\n\n\n<p>\u201eProjekt finansowany w ramach Kulturalnego ORLENU, kt\u00f3ry jest organizowany przez ORLEN S.A. i Fundacj\u0119 ORLEN im. Ignacego \u0141ukasiewicza.\u201d<\/p>\n\n\n\n<div class=\"wp-block-file\"><a id=\"wp-block-file--media-77db6db1-6f55-4225-b1b3-1602ec7657e1\" href=\"https:\/\/www.biblioteka-sepolno.pl\/wp-content\/uploads\/2025\/10\/\ud83d\udcd8-REGULAMIN-KONKURSU-CZYTELNICZEGO.docx\">\ud83d\udcd8-REGULAMIN-KONKURSU-CZYTELNICZEGO<\/a><a href=\"https:\/\/www.biblioteka-sepolno.pl\/wp-content\/uploads\/2025\/10\/\ud83d\udcd8-REGULAMIN-KONKURSU-CZYTELNICZEGO.docx\" class=\"wp-block-file__button\" download aria-describedby=\"wp-block-file--media-77db6db1-6f55-4225-b1b3-1602ec7657e1\">Pobierz<\/a><\/div>\n\n\n\n<figure class=\"wp-block-gallery has-nested-images columns-default is-cropped wp-block-gallery-1 is-layout-flex wp-block-gallery-is-layout-flex\">\n<figure class=\"wp-block-image size-large\"><img loading=\"lazy\" decoding=\"async\" width=\"724\" height=\"1024\" data-id=\"18232\" src=\"https:\/\/www.biblioteka-sepolno.pl\/wp-content\/uploads\/2025\/10\/Yellow-Simple-Minimalist-Book-Fair-Flyer-724x1024.jpg\" alt=\"\" class=\"wp-image-18232\" srcset=\"https:\/\/www.biblioteka-sepolno.pl\/wp-content\/uploads\/2025\/10\/Yellow-Simple-Minimalist-Book-Fair-Flyer-724x1024.jpg 724w, https:\/\/www.biblioteka-sepolno.pl\/wp-content\/uploads\/2025\/10\/Yellow-Simple-Minimalist-Book-Fair-Flyer-212x300.jpg 212w, https:\/\/www.biblioteka-sepolno.pl\/wp-content\/uploads\/2025\/10\/Yellow-Simple-Minimalist-Book-Fair-Flyer-768x1086.jpg 768w, https:\/\/www.biblioteka-sepolno.pl\/wp-content\/uploads\/2025\/10\/Yellow-Simple-Minimalist-Book-Fair-Flyer-1086x1536.jpg 1086w, https:\/\/www.biblioteka-sepolno.pl\/wp-content\/uploads\/2025\/10\/Yellow-Simple-Minimalist-Book-Fair-Flyer-8x12.jpg 8w, https:\/\/www.biblioteka-sepolno.pl\/wp-content\/uploads\/2025\/10\/Yellow-Simple-Minimalist-Book-Fair-Flyer.jpg 1414w\" sizes=\"auto, (max-width: 724px) 100vw, 724px\" \/><\/figure>\n<\/figure>\n\n\n\n<p><\/p>\n","protected":false},"excerpt":{"rendered":"<p>Zapraszamy uczni\u00f3w klas 2 i 3 szk\u00f3\u0142 podstawowych z Gminy S\u0119p\u00f3lno Kraje\u0144skie do udzia\u0142u w konkursie czytelniczym na podstawie ksi\u0105\u017cki \u201eNiesamowite przygody dziesi\u0119ciu skarpetek\u201d autorstwa Justyny Bednarek. Czy wiesz, co si\u0119 dzieje z zagubionymi skarpetkami? Je\u015bli chcesz pozna\u0107 ich niesamowite losy i sprawdzi\u0107 swoj\u0105 pami\u0119\u0107, ten konkurs jest w\u0142a\u015bnie dla Ciebie! Na uczestnik\u00f3w czeka: test <a href=\"https:\/\/www.biblioteka-sepolno.pl\/en\/news\/konkurs-czytelniczy\" class=\"more-link\">&#8230;<span class=\"screen-reader-text\">  Konkurs czytelniczy!<\/span><\/a><\/p>","protected":false},"author":5,"featured_media":18232,"comment_status":"closed","ping_status":"closed","sticky":false,"template":"","format":"standard","meta":{"_acf_changed":false,"footnotes":""},"categories":[6],"tags":[],"class_list":["post-18231","post","type-post","status-publish","format-standard","has-post-thumbnail","hentry","category-news"],"acf":[],"_links":{"self":[{"href":"https:\/\/www.biblioteka-sepolno.pl\/en\/wp-json\/wp\/v2\/posts\/18231","targetHints":{"allow":["GET"]}}],"collection":[{"href":"https:\/\/www.biblioteka-sepolno.pl\/en\/wp-json\/wp\/v2\/posts"}],"about":[{"href":"https:\/\/www.biblioteka-sepolno.pl\/en\/wp-json\/wp\/v2\/types\/post"}],"author":[{"embeddable":true,"href":"https:\/\/www.biblioteka-sepolno.pl\/en\/wp-json\/wp\/v2\/users\/5"}],"replies":[{"embeddable":true,"href":"https:\/\/www.biblioteka-sepolno.pl\/en\/wp-json\/wp\/v2\/comments?post=18231"}],"version-history":[{"count":1,"href":"https:\/\/www.biblioteka-sepolno.pl\/en\/wp-json\/wp\/v2\/posts\/18231\/revisions"}],"predecessor-version":[{"id":18234,"href":"https:\/\/www.biblioteka-sepolno.pl\/en\/wp-json\/wp\/v2\/posts\/18231\/revisions\/18234"}],"wp:featuredmedia":[{"embeddable":true,"href":"https:\/\/www.biblioteka-sepolno.pl\/en\/wp-json\/wp\/v2\/media\/18232"}],"wp:attachment":[{"href":"https:\/\/www.biblioteka-sepolno.pl\/en\/wp-json\/wp\/v2\/media?parent=18231"}],"wp:term":[{"taxonomy":"category","embeddable":true,"href":"https:\/\/www.biblioteka-sepolno.pl\/en\/wp-json\/wp\/v2\/categories?post=18231"},{"taxonomy":"post_tag","embeddable":true,"href":"https:\/\/www.biblioteka-sepolno.pl\/en\/wp-json\/wp\/v2\/tags?post=18231"}],"curies":[{"name":"wp","href":"https:\/\/api.w.org\/{rel}","templated":true}]}}