{"id":18431,"date":"2025-11-28T09:31:23","date_gmt":"2025-11-28T08:31:23","guid":{"rendered":"https:\/\/www.biblioteka-sepolno.pl\/?p=18431"},"modified":"2025-11-28T09:32:29","modified_gmt":"2025-11-28T08:32:29","slug":"drugie-spotkanie-dkk-dla-dzieci","status":"publish","type":"post","link":"https:\/\/www.biblioteka-sepolno.pl\/en\/news\/drugie-spotkanie-dkk-dla-dzieci","title":{"rendered":"Drugie spotkanie DKK dla dzieci"},"content":{"rendered":"<p>27.11.2025 r. \u00a0w s\u0119pole\u0144skiej bibliotece odby\u0142o si\u0119 drugie spotkanie ma\u0142ych klubowicz\u00f3w. Z racji, \u017ce w listopadzie przypada Mi\u0119dzynarodowy Dzie\u0144 Praw Dziecka postanowili\u015bmy tym razem om\u00f3wi\u0107 fragmenty ksi\u0105\u017cki Marka Michalaka \u201eOpowie\u015bci<br>o prawach dziecka\u201d. W lekturze znale\u017a\u0107 mo\u017cna kr\u00f3tkie, poruszaj\u0105ce historie pokazuj\u0105ce, jak wa\u017cne s\u0105 prawa najm\u0142odszych. Autor w przyst\u0119pny spos\u00f3b przypomina, \u017ce ka\u017cde dziecko ma prawo do szacunku, bezpiecze\u0144stwa, mi\u0142o\u015bci i wys\u0142uchania.<\/p>\n\n\n\n<p>Podczas wczorajszego spotkania DKK rozmawiali\u015bmy o tym, kt\u00f3re prawa s\u0105 dla dzieci najwa\u017cniejsze i jak wygl\u0105daj\u0105 one w codziennym \u017cyciu. Dyskusja pokaza\u0142a, \u017ce wiele sytuacji z ksi\u0105\u017cki jest bardzo bliskich temu, co dzieci prze\u017cywaj\u0105 na co dzie\u0144. Po rozmowie si\u0119gn\u0119li\u015bmy po przygotowan\u0105 rozsypank\u0119 i zacz\u0119li\u015bmy uk\u0142ada\u0107 puzzle z r\u00f3\u017cnymi prawami. Ka\u017cdy uczestnik trafi\u0142 na inne prawo i musia\u0142 dopasowa\u0107 je do odpowiedniego obrazka lub has\u0142a. Okaza\u0142o si\u0119, \u017ce nie zawsze by\u0142o to takie proste, bo niekt\u00f3re prawa brzmia\u0142y podobnie. Uk\u0142adanie puzzli wywo\u0142a\u0142o sporo \u015bmiechu i rozm\u00f3w o tym, kiedy dane prawo szczeg\u00f3lnie si\u0119 przydaje. Wsp\u00f3lnie zastanawiali\u015bmy si\u0119, jak te prawa mo\u017cna zauwa\u017cy\u0107 w szkole, w domu czy na podw\u00f3rku. Na koniec ka\u017cdy przedstawi\u0142 swoje prawo i kr\u00f3tko opowiedzia\u0142, dlaczego jest ono wa\u017cne. Ca\u0142e spotkanie okaza\u0142o si\u0119 ciekaw\u0105 i warto\u015bciow\u0105 lekcj\u0105 o tym, jak chroni\u0107 prawa dziecka na co dzie\u0144.<\/p>\n\n\n\n<p>Na koniec ka\u017cda z uczestniczek wybra\u0142a sobie jedn\u0105 ksi\u0105\u017ck\u0119 z cyklu \u201eOpowiadania \u015awi\u0105teczne\u201d, kt\u00f3re om\u00f3wimy ju\u017c 8 grudnia. <\/p>\n\n\n\n<figure class=\"wp-block-gallery has-nested-images columns-default is-cropped wp-block-gallery-1 is-layout-flex wp-block-gallery-is-layout-flex\">\n<figure class=\"wp-block-image size-large\"><img loading=\"lazy\" decoding=\"async\" width=\"800\" height=\"465\" data-id=\"18432\" src=\"https:\/\/www.biblioteka-sepolno.pl\/wp-content\/uploads\/2025\/11\/1-7.jpg\" alt=\"\" class=\"wp-image-18432\" srcset=\"https:\/\/www.biblioteka-sepolno.pl\/wp-content\/uploads\/2025\/11\/1-7.jpg 800w, https:\/\/www.biblioteka-sepolno.pl\/wp-content\/uploads\/2025\/11\/1-7-300x174.jpg 300w, https:\/\/www.biblioteka-sepolno.pl\/wp-content\/uploads\/2025\/11\/1-7-768x446.jpg 768w, https:\/\/www.biblioteka-sepolno.pl\/wp-content\/uploads\/2025\/11\/1-7-18x10.jpg 18w\" sizes=\"auto, (max-width: 800px) 100vw, 800px\" \/><\/figure>\n\n\n\n<figure class=\"wp-block-image size-large\"><img loading=\"lazy\" decoding=\"async\" width=\"800\" height=\"533\" data-id=\"18433\" src=\"https:\/\/www.biblioteka-sepolno.pl\/wp-content\/uploads\/2025\/11\/DSC_0002.jpg\" alt=\"\" class=\"wp-image-18433\" srcset=\"https:\/\/www.biblioteka-sepolno.pl\/wp-content\/uploads\/2025\/11\/DSC_0002.jpg 800w, https:\/\/www.biblioteka-sepolno.pl\/wp-content\/uploads\/2025\/11\/DSC_0002-300x200.jpg 300w, https:\/\/www.biblioteka-sepolno.pl\/wp-content\/uploads\/2025\/11\/DSC_0002-768x512.jpg 768w, https:\/\/www.biblioteka-sepolno.pl\/wp-content\/uploads\/2025\/11\/DSC_0002-18x12.jpg 18w\" sizes=\"auto, (max-width: 800px) 100vw, 800px\" \/><\/figure>\n\n\n\n<figure class=\"wp-block-image size-large\"><img loading=\"lazy\" decoding=\"async\" width=\"800\" height=\"533\" data-id=\"18437\" src=\"https:\/\/www.biblioteka-sepolno.pl\/wp-content\/uploads\/2025\/11\/DSC_0003-2.jpg\" alt=\"\" class=\"wp-image-18437\" srcset=\"https:\/\/www.biblioteka-sepolno.pl\/wp-content\/uploads\/2025\/11\/DSC_0003-2.jpg 800w, https:\/\/www.biblioteka-sepolno.pl\/wp-content\/uploads\/2025\/11\/DSC_0003-2-300x200.jpg 300w, https:\/\/www.biblioteka-sepolno.pl\/wp-content\/uploads\/2025\/11\/DSC_0003-2-768x512.jpg 768w, https:\/\/www.biblioteka-sepolno.pl\/wp-content\/uploads\/2025\/11\/DSC_0003-2-18x12.jpg 18w\" sizes=\"auto, (max-width: 800px) 100vw, 800px\" \/><\/figure>\n\n\n\n<figure class=\"wp-block-image size-large\"><img loading=\"lazy\" decoding=\"async\" width=\"800\" height=\"533\" data-id=\"18435\" src=\"https:\/\/www.biblioteka-sepolno.pl\/wp-content\/uploads\/2025\/11\/DSC_0005-1.jpg\" alt=\"\" class=\"wp-image-18435\" srcset=\"https:\/\/www.biblioteka-sepolno.pl\/wp-content\/uploads\/2025\/11\/DSC_0005-1.jpg 800w, https:\/\/www.biblioteka-sepolno.pl\/wp-content\/uploads\/2025\/11\/DSC_0005-1-300x200.jpg 300w, https:\/\/www.biblioteka-sepolno.pl\/wp-content\/uploads\/2025\/11\/DSC_0005-1-768x512.jpg 768w, https:\/\/www.biblioteka-sepolno.pl\/wp-content\/uploads\/2025\/11\/DSC_0005-1-18x12.jpg 18w\" sizes=\"auto, (max-width: 800px) 100vw, 800px\" \/><\/figure>\n\n\n\n<figure class=\"wp-block-image size-large\"><img loading=\"lazy\" decoding=\"async\" width=\"800\" height=\"533\" data-id=\"18436\" src=\"https:\/\/www.biblioteka-sepolno.pl\/wp-content\/uploads\/2025\/11\/DSC_0006-2.jpg\" alt=\"\" class=\"wp-image-18436\" srcset=\"https:\/\/www.biblioteka-sepolno.pl\/wp-content\/uploads\/2025\/11\/DSC_0006-2.jpg 800w, https:\/\/www.biblioteka-sepolno.pl\/wp-content\/uploads\/2025\/11\/DSC_0006-2-300x200.jpg 300w, https:\/\/www.biblioteka-sepolno.pl\/wp-content\/uploads\/2025\/11\/DSC_0006-2-768x512.jpg 768w, https:\/\/www.biblioteka-sepolno.pl\/wp-content\/uploads\/2025\/11\/DSC_0006-2-18x12.jpg 18w\" sizes=\"auto, (max-width: 800px) 100vw, 800px\" \/><\/figure>\n\n\n\n<figure class=\"wp-block-image size-large\"><img loading=\"lazy\" decoding=\"async\" width=\"800\" height=\"533\" data-id=\"18434\" src=\"https:\/\/www.biblioteka-sepolno.pl\/wp-content\/uploads\/2025\/11\/DSC_0008.jpg\" alt=\"\" class=\"wp-image-18434\" srcset=\"https:\/\/www.biblioteka-sepolno.pl\/wp-content\/uploads\/2025\/11\/DSC_0008.jpg 800w, https:\/\/www.biblioteka-sepolno.pl\/wp-content\/uploads\/2025\/11\/DSC_0008-300x200.jpg 300w, https:\/\/www.biblioteka-sepolno.pl\/wp-content\/uploads\/2025\/11\/DSC_0008-768x512.jpg 768w, https:\/\/www.biblioteka-sepolno.pl\/wp-content\/uploads\/2025\/11\/DSC_0008-18x12.jpg 18w\" sizes=\"auto, (max-width: 800px) 100vw, 800px\" \/><\/figure>\n\n\n\n<figure class=\"wp-block-image size-large\"><img loading=\"lazy\" decoding=\"async\" width=\"800\" height=\"533\" data-id=\"18438\" src=\"https:\/\/www.biblioteka-sepolno.pl\/wp-content\/uploads\/2025\/11\/DSC_0009-2.jpg\" alt=\"\" class=\"wp-image-18438\" srcset=\"https:\/\/www.biblioteka-sepolno.pl\/wp-content\/uploads\/2025\/11\/DSC_0009-2.jpg 800w, https:\/\/www.biblioteka-sepolno.pl\/wp-content\/uploads\/2025\/11\/DSC_0009-2-300x200.jpg 300w, https:\/\/www.biblioteka-sepolno.pl\/wp-content\/uploads\/2025\/11\/DSC_0009-2-768x512.jpg 768w, https:\/\/www.biblioteka-sepolno.pl\/wp-content\/uploads\/2025\/11\/DSC_0009-2-18x12.jpg 18w\" sizes=\"auto, (max-width: 800px) 100vw, 800px\" \/><\/figure>\n\n\n\n<figure class=\"wp-block-image size-large\"><img loading=\"lazy\" decoding=\"async\" width=\"800\" height=\"533\" data-id=\"18439\" src=\"https:\/\/www.biblioteka-sepolno.pl\/wp-content\/uploads\/2025\/11\/DSC_0015-2.jpg\" alt=\"\" class=\"wp-image-18439\" srcset=\"https:\/\/www.biblioteka-sepolno.pl\/wp-content\/uploads\/2025\/11\/DSC_0015-2.jpg 800w, https:\/\/www.biblioteka-sepolno.pl\/wp-content\/uploads\/2025\/11\/DSC_0015-2-300x200.jpg 300w, https:\/\/www.biblioteka-sepolno.pl\/wp-content\/uploads\/2025\/11\/DSC_0015-2-768x512.jpg 768w, https:\/\/www.biblioteka-sepolno.pl\/wp-content\/uploads\/2025\/11\/DSC_0015-2-18x12.jpg 18w\" sizes=\"auto, (max-width: 800px) 100vw, 800px\" \/><\/figure>\n\n\n\n<figure class=\"wp-block-image size-large\"><img loading=\"lazy\" decoding=\"async\" width=\"800\" height=\"533\" data-id=\"18440\" src=\"https:\/\/www.biblioteka-sepolno.pl\/wp-content\/uploads\/2025\/11\/DSC_0016-2.jpg\" alt=\"\" class=\"wp-image-18440\" srcset=\"https:\/\/www.biblioteka-sepolno.pl\/wp-content\/uploads\/2025\/11\/DSC_0016-2.jpg 800w, https:\/\/www.biblioteka-sepolno.pl\/wp-content\/uploads\/2025\/11\/DSC_0016-2-300x200.jpg 300w, https:\/\/www.biblioteka-sepolno.pl\/wp-content\/uploads\/2025\/11\/DSC_0016-2-768x512.jpg 768w, https:\/\/www.biblioteka-sepolno.pl\/wp-content\/uploads\/2025\/11\/DSC_0016-2-18x12.jpg 18w\" sizes=\"auto, (max-width: 800px) 100vw, 800px\" \/><\/figure>\n\n\n\n<figure class=\"wp-block-image size-large\"><img loading=\"lazy\" decoding=\"async\" width=\"800\" height=\"533\" data-id=\"18441\" src=\"https:\/\/www.biblioteka-sepolno.pl\/wp-content\/uploads\/2025\/11\/DSC_0018.jpg\" alt=\"\" class=\"wp-image-18441\" srcset=\"https:\/\/www.biblioteka-sepolno.pl\/wp-content\/uploads\/2025\/11\/DSC_0018.jpg 800w, https:\/\/www.biblioteka-sepolno.pl\/wp-content\/uploads\/2025\/11\/DSC_0018-300x200.jpg 300w, https:\/\/www.biblioteka-sepolno.pl\/wp-content\/uploads\/2025\/11\/DSC_0018-768x512.jpg 768w, https:\/\/www.biblioteka-sepolno.pl\/wp-content\/uploads\/2025\/11\/DSC_0018-18x12.jpg 18w\" sizes=\"auto, (max-width: 800px) 100vw, 800px\" \/><\/figure>\n\n\n\n<figure class=\"wp-block-image size-large\"><img loading=\"lazy\" decoding=\"async\" width=\"684\" height=\"600\" data-id=\"18442\" src=\"https:\/\/www.biblioteka-sepolno.pl\/wp-content\/uploads\/2025\/11\/DSC_0019-2.jpg\" alt=\"\" class=\"wp-image-18442\" srcset=\"https:\/\/www.biblioteka-sepolno.pl\/wp-content\/uploads\/2025\/11\/DSC_0019-2.jpg 684w, https:\/\/www.biblioteka-sepolno.pl\/wp-content\/uploads\/2025\/11\/DSC_0019-2-300x263.jpg 300w, https:\/\/www.biblioteka-sepolno.pl\/wp-content\/uploads\/2025\/11\/DSC_0019-2-14x12.jpg 14w\" sizes=\"auto, (max-width: 684px) 100vw, 684px\" \/><\/figure>\n<\/figure>","protected":false},"excerpt":{"rendered":"<p>27.11.2025 r. \u00a0w s\u0119pole\u0144skiej bibliotece odby\u0142o si\u0119 drugie spotkanie ma\u0142ych klubowicz\u00f3w. Z racji, \u017ce w listopadzie przypada Mi\u0119dzynarodowy Dzie\u0144 Praw Dziecka postanowili\u015bmy tym razem om\u00f3wi\u0107 fragmenty ksi\u0105\u017cki Marka Michalaka \u201eOpowie\u015bcio prawach dziecka\u201d. W lekturze znale\u017a\u0107 mo\u017cna kr\u00f3tkie, poruszaj\u0105ce historie pokazuj\u0105ce, jak wa\u017cne s\u0105 prawa najm\u0142odszych. Autor w przyst\u0119pny spos\u00f3b przypomina, \u017ce ka\u017cde dziecko ma prawo <a href=\"https:\/\/www.biblioteka-sepolno.pl\/en\/news\/drugie-spotkanie-dkk-dla-dzieci\" class=\"more-link\">&#8230;<span class=\"screen-reader-text\">  Drugie spotkanie DKK dla dzieci<\/span><\/a><\/p>","protected":false},"author":5,"featured_media":18432,"comment_status":"closed","ping_status":"closed","sticky":false,"template":"","format":"standard","meta":{"_acf_changed":false,"footnotes":""},"categories":[6],"tags":[],"class_list":["post-18431","post","type-post","status-publish","format-standard","has-post-thumbnail","hentry","category-news"],"acf":[],"_links":{"self":[{"href":"https:\/\/www.biblioteka-sepolno.pl\/en\/wp-json\/wp\/v2\/posts\/18431","targetHints":{"allow":["GET"]}}],"collection":[{"href":"https:\/\/www.biblioteka-sepolno.pl\/en\/wp-json\/wp\/v2\/posts"}],"about":[{"href":"https:\/\/www.biblioteka-sepolno.pl\/en\/wp-json\/wp\/v2\/types\/post"}],"author":[{"embeddable":true,"href":"https:\/\/www.biblioteka-sepolno.pl\/en\/wp-json\/wp\/v2\/users\/5"}],"replies":[{"embeddable":true,"href":"https:\/\/www.biblioteka-sepolno.pl\/en\/wp-json\/wp\/v2\/comments?post=18431"}],"version-history":[{"count":1,"href":"https:\/\/www.biblioteka-sepolno.pl\/en\/wp-json\/wp\/v2\/posts\/18431\/revisions"}],"predecessor-version":[{"id":18443,"href":"https:\/\/www.biblioteka-sepolno.pl\/en\/wp-json\/wp\/v2\/posts\/18431\/revisions\/18443"}],"wp:featuredmedia":[{"embeddable":true,"href":"https:\/\/www.biblioteka-sepolno.pl\/en\/wp-json\/wp\/v2\/media\/18432"}],"wp:attachment":[{"href":"https:\/\/www.biblioteka-sepolno.pl\/en\/wp-json\/wp\/v2\/media?parent=18431"}],"wp:term":[{"taxonomy":"category","embeddable":true,"href":"https:\/\/www.biblioteka-sepolno.pl\/en\/wp-json\/wp\/v2\/categories?post=18431"},{"taxonomy":"post_tag","embeddable":true,"href":"https:\/\/www.biblioteka-sepolno.pl\/en\/wp-json\/wp\/v2\/tags?post=18431"}],"curies":[{"name":"wp","href":"https:\/\/api.w.org\/{rel}","templated":true}]}}