{"id":18513,"date":"2025-12-03T10:36:54","date_gmt":"2025-12-03T09:36:54","guid":{"rendered":"https:\/\/www.biblioteka-sepolno.pl\/?p=18513"},"modified":"2025-12-03T10:36:54","modified_gmt":"2025-12-03T09:36:54","slug":"koncert-koled","status":"publish","type":"post","link":"https:\/\/www.biblioteka-sepolno.pl\/en\/news\/koncert-koled","title":{"rendered":"KONCERT KOL\u0118D"},"content":{"rendered":"<p>Serdecznie zapraszamy na <strong>\u015awi\u0105teczny Koncert Kol\u0119d<\/strong>, kt\u00f3ry odb\u0119dzie si\u0119 <strong>15 grudnia (poniedzia\u0142ek) o godz. 17.00 w s\u0119pole\u0144skiej bibliotece.<\/strong><br><br>W atmosferze zbli\u017caj\u0105cych si\u0119 \u015awi\u0105t zaprezentowane zostan\u0105 najpi\u0119kniejsze polskie kol\u0119dy                  i pastora\u0142ki w wykonaniu <strong>Dominiki Drzazgi i Roberta Skazy.<\/strong><\/p>\n\n\n\n<figure class=\"wp-block-gallery has-nested-images columns-default is-cropped wp-block-gallery-1 is-layout-flex wp-block-gallery-is-layout-flex\">\n<figure class=\"wp-block-image size-large\"><img loading=\"lazy\" decoding=\"async\" width=\"724\" height=\"1024\" data-id=\"18515\" src=\"https:\/\/www.biblioteka-sepolno.pl\/wp-content\/uploads\/2025\/12\/plakat-koncert-1-724x1024.jpg\" alt=\"\" class=\"wp-image-18515\" srcset=\"https:\/\/www.biblioteka-sepolno.pl\/wp-content\/uploads\/2025\/12\/plakat-koncert-1-724x1024.jpg 724w, https:\/\/www.biblioteka-sepolno.pl\/wp-content\/uploads\/2025\/12\/plakat-koncert-1-212x300.jpg 212w, https:\/\/www.biblioteka-sepolno.pl\/wp-content\/uploads\/2025\/12\/plakat-koncert-1-768x1086.jpg 768w, https:\/\/www.biblioteka-sepolno.pl\/wp-content\/uploads\/2025\/12\/plakat-koncert-1-1086x1536.jpg 1086w, https:\/\/www.biblioteka-sepolno.pl\/wp-content\/uploads\/2025\/12\/plakat-koncert-1-1448x2048.jpg 1448w, https:\/\/www.biblioteka-sepolno.pl\/wp-content\/uploads\/2025\/12\/plakat-koncert-1-8x12.jpg 8w, https:\/\/www.biblioteka-sepolno.pl\/wp-content\/uploads\/2025\/12\/plakat-koncert-1.jpg 1587w\" sizes=\"auto, (max-width: 724px) 100vw, 724px\" \/><\/figure>\n<\/figure>","protected":false},"excerpt":{"rendered":"<p>Serdecznie zapraszamy na \u015awi\u0105teczny Koncert Kol\u0119d, kt\u00f3ry odb\u0119dzie si\u0119 15 grudnia (poniedzia\u0142ek) o godz. 17.00 w s\u0119pole\u0144skiej bibliotece. W atmosferze zbli\u017caj\u0105cych si\u0119 \u015awi\u0105t zaprezentowane zostan\u0105 najpi\u0119kniejsze polskie kol\u0119dy i pastora\u0142ki w wykonaniu Dominiki Drzazgi i Roberta Skazy.<\/p>","protected":false},"author":5,"featured_media":18514,"comment_status":"closed","ping_status":"closed","sticky":false,"template":"","format":"standard","meta":{"_acf_changed":false,"footnotes":""},"categories":[6],"tags":[],"class_list":["post-18513","post","type-post","status-publish","format-standard","has-post-thumbnail","hentry","category-news"],"acf":[],"_links":{"self":[{"href":"https:\/\/www.biblioteka-sepolno.pl\/en\/wp-json\/wp\/v2\/posts\/18513","targetHints":{"allow":["GET"]}}],"collection":[{"href":"https:\/\/www.biblioteka-sepolno.pl\/en\/wp-json\/wp\/v2\/posts"}],"about":[{"href":"https:\/\/www.biblioteka-sepolno.pl\/en\/wp-json\/wp\/v2\/types\/post"}],"author":[{"embeddable":true,"href":"https:\/\/www.biblioteka-sepolno.pl\/en\/wp-json\/wp\/v2\/users\/5"}],"replies":[{"embeddable":true,"href":"https:\/\/www.biblioteka-sepolno.pl\/en\/wp-json\/wp\/v2\/comments?post=18513"}],"version-history":[{"count":1,"href":"https:\/\/www.biblioteka-sepolno.pl\/en\/wp-json\/wp\/v2\/posts\/18513\/revisions"}],"predecessor-version":[{"id":18516,"href":"https:\/\/www.biblioteka-sepolno.pl\/en\/wp-json\/wp\/v2\/posts\/18513\/revisions\/18516"}],"wp:featuredmedia":[{"embeddable":true,"href":"https:\/\/www.biblioteka-sepolno.pl\/en\/wp-json\/wp\/v2\/media\/18514"}],"wp:attachment":[{"href":"https:\/\/www.biblioteka-sepolno.pl\/en\/wp-json\/wp\/v2\/media?parent=18513"}],"wp:term":[{"taxonomy":"category","embeddable":true,"href":"https:\/\/www.biblioteka-sepolno.pl\/en\/wp-json\/wp\/v2\/categories?post=18513"},{"taxonomy":"post_tag","embeddable":true,"href":"https:\/\/www.biblioteka-sepolno.pl\/en\/wp-json\/wp\/v2\/tags?post=18513"}],"curies":[{"name":"wp","href":"https:\/\/api.w.org\/{rel}","templated":true}]}}