{"id":18517,"date":"2025-12-04T14:31:14","date_gmt":"2025-12-04T13:31:14","guid":{"rendered":"https:\/\/www.biblioteka-sepolno.pl\/?p=18517"},"modified":"2025-12-04T14:35:26","modified_gmt":"2025-12-04T13:35:26","slug":"strategie-maturalne-z-jezyka-polskiego-z-agnieszka-giersz-kawka-z-pracowni-literackiej","status":"publish","type":"post","link":"https:\/\/www.biblioteka-sepolno.pl\/en\/news\/strategie-maturalne-z-jezyka-polskiego-z-agnieszka-giersz-kawka-z-pracowni-literackiej","title":{"rendered":"Strategie maturalne z j\u0119zyka polskiego z Agnieszk\u0105 Giersz-Kawk\u0105 z Pracowni Literackiej"},"content":{"rendered":"<p>Dzi\u015b w naszej bibliotece odby\u0142o si\u0119 wyj\u0105tkowe spotkanie skierowane do maturzyst\u00f3w<br>z powiatu s\u0119pole\u0144skiego. Go\u015bcili\u015bmy <strong>Agnieszk\u0119 Giersz-Kawk\u0119<\/strong>, specjalistk\u0119 z <strong>Pracowni Literackiej<\/strong> \u2013 zajmuj\u0105cej si\u0119 rozwijaniem kompetencji j\u0119zykowych m\u0142odzie\u017cy, prowadzeniem warsztat\u00f3w literackich oraz profesjonalnym przygotowaniem do egzamin\u00f3w, w tym matury z j\u0119zyka polskiego.<\/p>\n\n\n\n<p>Warsztaty okaza\u0142y si\u0119 szczeg\u00f3lnie warto\u015bciowe dla uczni\u00f3w, kt\u00f3rzy niedawno przyst\u0105pili do pr\u00f3bnego egzaminu i przychodzili z konkretnymi pytaniami oraz \u015bwie\u017cymi refleksjami. Prowadz\u0105ca wprowadzi\u0142a m\u0142odzie\u017c w \u015bwiat <strong>strategii maturalnych<\/strong>, podkre\u015blaj\u0105c, \u017ce dobra znajomo\u015b\u0107 zasad oceniania jest r\u00f3wnie wa\u017cna jak wiedza o lekturach.<\/p>\n\n\n\n<p><strong>Co poruszono podczas spotkania?<\/strong><\/p>\n\n\n\n<p>Uczestnicy mieli okazj\u0119 dowiedzie\u0107 si\u0119:<\/p>\n\n\n\n<ul class=\"wp-block-list\"><li><strong>czym r\u00f3\u017cni si\u0119 b\u0142\u0105d kardynalny od rzeczowego<\/strong> i jakie s\u0105 ich konsekwencje dla punktacji,<\/li><li><strong>jak poprawnie napisa\u0107 notatk\u0119 syntetyzuj\u0105c\u0105<\/strong> \u2013 jedno z najcz\u0119stszych wyzwa\u0144 tegorocznej matury podstawowej,<\/li><li><strong>za co najcz\u0119\u015bciej traci si\u0119 punkty<\/strong> w cz\u0119\u015bci pisemnej,<\/li><li><strong>jakie wskaz\u00f3wki i interpretacje<\/strong> dotycz\u0105ce zada\u0144 formu\u0142uj\u0105 specjali\u015bci z <strong>Centralnej Komisji Egzaminacyjnej<\/strong>.<\/li><\/ul>\n\n\n\n<p>Spotkanie zorganizowano w ramach projektu <strong>\u201eLektury na luzie\u201d<\/strong>, kt\u00f3rego celem jest przybli\u017cenie uczniom literatury i zagadnie\u0144 j\u0119zykowych w atrakcyjnej, odformalizowanej formie.Projekt jest finansowany w ramach programu <strong>Kulturalny ORLEN<\/strong>, organizowanego przez <strong>ORLEN S.A. oraz Fundacj\u0119 ORLEN im. Ignacego \u0141ukasiewicza<\/strong>.<\/p>\n\n\n\n<p>Dzisiejsze warsztaty pokaza\u0142y, \u017ce matura z j\u0119zyka polskiego wcale nie musi by\u0107 stresuj\u0105c\u0105 zagadk\u0105. Dzi\u0119ki wsparciu specjalist\u00f3w i \u015bwiadomemu podej\u015bciu do nauki uczniowie mog\u0105 realnie podnie\u015b\u0107 swoje wyniki i wej\u015b\u0107 w egzamin z wi\u0119ksz\u0105 pewno\u015bci\u0105 siebie.<\/p>\n\n\n\n<p>@ORLENArt&amp;Science<\/p>\n\n\n\n<p>@FundacjaORLEN\u0141ukasiewicza<\/p>\n\n\n\n<p>\u201eKultura daje dobr\u0105 energi\u0119\u201d<\/p>\n\n\n\n<figure class=\"wp-block-gallery has-nested-images columns-default is-cropped wp-block-gallery-1 is-layout-flex wp-block-gallery-is-layout-flex\">\n<figure class=\"wp-block-image size-large\"><img loading=\"lazy\" decoding=\"async\" width=\"1024\" height=\"683\" data-id=\"18523\" src=\"https:\/\/www.biblioteka-sepolno.pl\/wp-content\/uploads\/2025\/12\/1-1-1024x683.jpg\" alt=\"\" class=\"wp-image-18523\" srcset=\"https:\/\/www.biblioteka-sepolno.pl\/wp-content\/uploads\/2025\/12\/1-1-1024x683.jpg 1024w, https:\/\/www.biblioteka-sepolno.pl\/wp-content\/uploads\/2025\/12\/1-1-300x200.jpg 300w, https:\/\/www.biblioteka-sepolno.pl\/wp-content\/uploads\/2025\/12\/1-1-768x512.jpg 768w, https:\/\/www.biblioteka-sepolno.pl\/wp-content\/uploads\/2025\/12\/1-1-1536x1024.jpg 1536w, https:\/\/www.biblioteka-sepolno.pl\/wp-content\/uploads\/2025\/12\/1-1-2048x1365.jpg 2048w, https:\/\/www.biblioteka-sepolno.pl\/wp-content\/uploads\/2025\/12\/1-1-18x12.jpg 18w\" sizes=\"auto, (max-width: 1024px) 100vw, 1024px\" \/><\/figure>\n\n\n\n<figure class=\"wp-block-image size-large\"><img loading=\"lazy\" decoding=\"async\" width=\"800\" height=\"496\" data-id=\"18518\" src=\"https:\/\/www.biblioteka-sepolno.pl\/wp-content\/uploads\/2025\/12\/2-1.jpg\" alt=\"\" class=\"wp-image-18518\" srcset=\"https:\/\/www.biblioteka-sepolno.pl\/wp-content\/uploads\/2025\/12\/2-1.jpg 800w, https:\/\/www.biblioteka-sepolno.pl\/wp-content\/uploads\/2025\/12\/2-1-300x186.jpg 300w, https:\/\/www.biblioteka-sepolno.pl\/wp-content\/uploads\/2025\/12\/2-1-768x476.jpg 768w, https:\/\/www.biblioteka-sepolno.pl\/wp-content\/uploads\/2025\/12\/2-1-18x12.jpg 18w\" sizes=\"auto, (max-width: 800px) 100vw, 800px\" \/><figcaption>Grey Black Friday Discount Social Media Post &#8211; 1<\/figcaption><\/figure>\n\n\n\n<figure class=\"wp-block-image size-large\"><img loading=\"lazy\" decoding=\"async\" width=\"1024\" height=\"683\" data-id=\"18521\" src=\"https:\/\/www.biblioteka-sepolno.pl\/wp-content\/uploads\/2025\/12\/DSC_0080-1024x683.jpg\" alt=\"\" class=\"wp-image-18521\" srcset=\"https:\/\/www.biblioteka-sepolno.pl\/wp-content\/uploads\/2025\/12\/DSC_0080-1024x683.jpg 1024w, https:\/\/www.biblioteka-sepolno.pl\/wp-content\/uploads\/2025\/12\/DSC_0080-300x200.jpg 300w, https:\/\/www.biblioteka-sepolno.pl\/wp-content\/uploads\/2025\/12\/DSC_0080-768x512.jpg 768w, https:\/\/www.biblioteka-sepolno.pl\/wp-content\/uploads\/2025\/12\/DSC_0080-1536x1024.jpg 1536w, https:\/\/www.biblioteka-sepolno.pl\/wp-content\/uploads\/2025\/12\/DSC_0080-2048x1365.jpg 2048w, https:\/\/www.biblioteka-sepolno.pl\/wp-content\/uploads\/2025\/12\/DSC_0080-18x12.jpg 18w\" sizes=\"auto, (max-width: 1024px) 100vw, 1024px\" \/><\/figure>\n\n\n\n<figure class=\"wp-block-image size-large\"><img loading=\"lazy\" decoding=\"async\" width=\"1024\" height=\"683\" data-id=\"18526\" src=\"https:\/\/www.biblioteka-sepolno.pl\/wp-content\/uploads\/2025\/12\/DSC_0083-1024x683.jpg\" alt=\"\" class=\"wp-image-18526\" srcset=\"https:\/\/www.biblioteka-sepolno.pl\/wp-content\/uploads\/2025\/12\/DSC_0083-1024x683.jpg 1024w, https:\/\/www.biblioteka-sepolno.pl\/wp-content\/uploads\/2025\/12\/DSC_0083-300x200.jpg 300w, https:\/\/www.biblioteka-sepolno.pl\/wp-content\/uploads\/2025\/12\/DSC_0083-768x512.jpg 768w, https:\/\/www.biblioteka-sepolno.pl\/wp-content\/uploads\/2025\/12\/DSC_0083-1536x1024.jpg 1536w, https:\/\/www.biblioteka-sepolno.pl\/wp-content\/uploads\/2025\/12\/DSC_0083-2048x1365.jpg 2048w, https:\/\/www.biblioteka-sepolno.pl\/wp-content\/uploads\/2025\/12\/DSC_0083-18x12.jpg 18w\" sizes=\"auto, (max-width: 1024px) 100vw, 1024px\" \/><\/figure>\n\n\n\n<figure class=\"wp-block-image size-large\"><img loading=\"lazy\" decoding=\"async\" width=\"1024\" height=\"683\" data-id=\"18520\" src=\"https:\/\/www.biblioteka-sepolno.pl\/wp-content\/uploads\/2025\/12\/DSC_0085-1024x683.jpg\" alt=\"\" class=\"wp-image-18520\" srcset=\"https:\/\/www.biblioteka-sepolno.pl\/wp-content\/uploads\/2025\/12\/DSC_0085-1024x683.jpg 1024w, https:\/\/www.biblioteka-sepolno.pl\/wp-content\/uploads\/2025\/12\/DSC_0085-300x200.jpg 300w, https:\/\/www.biblioteka-sepolno.pl\/wp-content\/uploads\/2025\/12\/DSC_0085-768x512.jpg 768w, https:\/\/www.biblioteka-sepolno.pl\/wp-content\/uploads\/2025\/12\/DSC_0085-1536x1024.jpg 1536w, https:\/\/www.biblioteka-sepolno.pl\/wp-content\/uploads\/2025\/12\/DSC_0085-2048x1365.jpg 2048w, https:\/\/www.biblioteka-sepolno.pl\/wp-content\/uploads\/2025\/12\/DSC_0085-18x12.jpg 18w\" sizes=\"auto, (max-width: 1024px) 100vw, 1024px\" \/><\/figure>\n\n\n\n<figure class=\"wp-block-image size-large\"><img loading=\"lazy\" decoding=\"async\" width=\"1024\" height=\"683\" data-id=\"18529\" src=\"https:\/\/www.biblioteka-sepolno.pl\/wp-content\/uploads\/2025\/12\/DSC_0090-1024x683.jpg\" alt=\"\" class=\"wp-image-18529\" srcset=\"https:\/\/www.biblioteka-sepolno.pl\/wp-content\/uploads\/2025\/12\/DSC_0090-1024x683.jpg 1024w, https:\/\/www.biblioteka-sepolno.pl\/wp-content\/uploads\/2025\/12\/DSC_0090-300x200.jpg 300w, https:\/\/www.biblioteka-sepolno.pl\/wp-content\/uploads\/2025\/12\/DSC_0090-768x512.jpg 768w, https:\/\/www.biblioteka-sepolno.pl\/wp-content\/uploads\/2025\/12\/DSC_0090-1536x1024.jpg 1536w, https:\/\/www.biblioteka-sepolno.pl\/wp-content\/uploads\/2025\/12\/DSC_0090-2048x1365.jpg 2048w, https:\/\/www.biblioteka-sepolno.pl\/wp-content\/uploads\/2025\/12\/DSC_0090-18x12.jpg 18w\" sizes=\"auto, (max-width: 1024px) 100vw, 1024px\" \/><\/figure>\n\n\n\n<figure class=\"wp-block-image size-large\"><img loading=\"lazy\" decoding=\"async\" width=\"1024\" height=\"683\" data-id=\"18528\" src=\"https:\/\/www.biblioteka-sepolno.pl\/wp-content\/uploads\/2025\/12\/DSC_0092-1024x683.jpg\" alt=\"\" class=\"wp-image-18528\" srcset=\"https:\/\/www.biblioteka-sepolno.pl\/wp-content\/uploads\/2025\/12\/DSC_0092-1024x683.jpg 1024w, https:\/\/www.biblioteka-sepolno.pl\/wp-content\/uploads\/2025\/12\/DSC_0092-300x200.jpg 300w, https:\/\/www.biblioteka-sepolno.pl\/wp-content\/uploads\/2025\/12\/DSC_0092-768x512.jpg 768w, https:\/\/www.biblioteka-sepolno.pl\/wp-content\/uploads\/2025\/12\/DSC_0092-1536x1024.jpg 1536w, https:\/\/www.biblioteka-sepolno.pl\/wp-content\/uploads\/2025\/12\/DSC_0092-2048x1365.jpg 2048w, https:\/\/www.biblioteka-sepolno.pl\/wp-content\/uploads\/2025\/12\/DSC_0092-18x12.jpg 18w\" sizes=\"auto, (max-width: 1024px) 100vw, 1024px\" \/><\/figure>\n\n\n\n<figure class=\"wp-block-image size-large\"><img loading=\"lazy\" decoding=\"async\" width=\"1024\" height=\"683\" data-id=\"18525\" src=\"https:\/\/www.biblioteka-sepolno.pl\/wp-content\/uploads\/2025\/12\/DSC_0097-1024x683.jpg\" alt=\"\" class=\"wp-image-18525\" srcset=\"https:\/\/www.biblioteka-sepolno.pl\/wp-content\/uploads\/2025\/12\/DSC_0097-1024x683.jpg 1024w, https:\/\/www.biblioteka-sepolno.pl\/wp-content\/uploads\/2025\/12\/DSC_0097-300x200.jpg 300w, https:\/\/www.biblioteka-sepolno.pl\/wp-content\/uploads\/2025\/12\/DSC_0097-768x512.jpg 768w, https:\/\/www.biblioteka-sepolno.pl\/wp-content\/uploads\/2025\/12\/DSC_0097-1536x1024.jpg 1536w, https:\/\/www.biblioteka-sepolno.pl\/wp-content\/uploads\/2025\/12\/DSC_0097-2048x1365.jpg 2048w, https:\/\/www.biblioteka-sepolno.pl\/wp-content\/uploads\/2025\/12\/DSC_0097-18x12.jpg 18w\" sizes=\"auto, (max-width: 1024px) 100vw, 1024px\" \/><\/figure>\n\n\n\n<figure class=\"wp-block-image size-large\"><img loading=\"lazy\" decoding=\"async\" width=\"1024\" height=\"683\" data-id=\"18524\" src=\"https:\/\/www.biblioteka-sepolno.pl\/wp-content\/uploads\/2025\/12\/DSC_0098-1024x683.jpg\" alt=\"\" class=\"wp-image-18524\" srcset=\"https:\/\/www.biblioteka-sepolno.pl\/wp-content\/uploads\/2025\/12\/DSC_0098-1024x683.jpg 1024w, https:\/\/www.biblioteka-sepolno.pl\/wp-content\/uploads\/2025\/12\/DSC_0098-300x200.jpg 300w, https:\/\/www.biblioteka-sepolno.pl\/wp-content\/uploads\/2025\/12\/DSC_0098-768x512.jpg 768w, https:\/\/www.biblioteka-sepolno.pl\/wp-content\/uploads\/2025\/12\/DSC_0098-1536x1024.jpg 1536w, https:\/\/www.biblioteka-sepolno.pl\/wp-content\/uploads\/2025\/12\/DSC_0098-2048x1365.jpg 2048w, https:\/\/www.biblioteka-sepolno.pl\/wp-content\/uploads\/2025\/12\/DSC_0098-18x12.jpg 18w\" sizes=\"auto, (max-width: 1024px) 100vw, 1024px\" \/><\/figure>\n\n\n\n<figure class=\"wp-block-image size-large\"><img loading=\"lazy\" decoding=\"async\" width=\"1024\" height=\"683\" data-id=\"18531\" src=\"https:\/\/www.biblioteka-sepolno.pl\/wp-content\/uploads\/2025\/12\/DSC_0100-1024x683.jpg\" alt=\"\" class=\"wp-image-18531\" srcset=\"https:\/\/www.biblioteka-sepolno.pl\/wp-content\/uploads\/2025\/12\/DSC_0100-1024x683.jpg 1024w, https:\/\/www.biblioteka-sepolno.pl\/wp-content\/uploads\/2025\/12\/DSC_0100-300x200.jpg 300w, https:\/\/www.biblioteka-sepolno.pl\/wp-content\/uploads\/2025\/12\/DSC_0100-768x512.jpg 768w, https:\/\/www.biblioteka-sepolno.pl\/wp-content\/uploads\/2025\/12\/DSC_0100-1536x1024.jpg 1536w, https:\/\/www.biblioteka-sepolno.pl\/wp-content\/uploads\/2025\/12\/DSC_0100-2048x1365.jpg 2048w, https:\/\/www.biblioteka-sepolno.pl\/wp-content\/uploads\/2025\/12\/DSC_0100-18x12.jpg 18w\" sizes=\"auto, (max-width: 1024px) 100vw, 1024px\" \/><\/figure>\n\n\n\n<figure class=\"wp-block-image size-large\"><img loading=\"lazy\" decoding=\"async\" width=\"1024\" height=\"683\" data-id=\"18522\" src=\"https:\/\/www.biblioteka-sepolno.pl\/wp-content\/uploads\/2025\/12\/DSC_0101-1024x683.jpg\" alt=\"\" class=\"wp-image-18522\" srcset=\"https:\/\/www.biblioteka-sepolno.pl\/wp-content\/uploads\/2025\/12\/DSC_0101-1024x683.jpg 1024w, https:\/\/www.biblioteka-sepolno.pl\/wp-content\/uploads\/2025\/12\/DSC_0101-300x200.jpg 300w, https:\/\/www.biblioteka-sepolno.pl\/wp-content\/uploads\/2025\/12\/DSC_0101-768x512.jpg 768w, https:\/\/www.biblioteka-sepolno.pl\/wp-content\/uploads\/2025\/12\/DSC_0101-1536x1024.jpg 1536w, https:\/\/www.biblioteka-sepolno.pl\/wp-content\/uploads\/2025\/12\/DSC_0101-2048x1365.jpg 2048w, https:\/\/www.biblioteka-sepolno.pl\/wp-content\/uploads\/2025\/12\/DSC_0101-18x12.jpg 18w\" sizes=\"auto, (max-width: 1024px) 100vw, 1024px\" \/><\/figure>\n\n\n\n<figure class=\"wp-block-image size-large\"><img loading=\"lazy\" decoding=\"async\" width=\"1024\" height=\"683\" data-id=\"18519\" src=\"https:\/\/www.biblioteka-sepolno.pl\/wp-content\/uploads\/2025\/12\/DSC_0109-1024x683.jpg\" alt=\"\" class=\"wp-image-18519\" srcset=\"https:\/\/www.biblioteka-sepolno.pl\/wp-content\/uploads\/2025\/12\/DSC_0109-1024x683.jpg 1024w, https:\/\/www.biblioteka-sepolno.pl\/wp-content\/uploads\/2025\/12\/DSC_0109-300x200.jpg 300w, https:\/\/www.biblioteka-sepolno.pl\/wp-content\/uploads\/2025\/12\/DSC_0109-768x512.jpg 768w, https:\/\/www.biblioteka-sepolno.pl\/wp-content\/uploads\/2025\/12\/DSC_0109-1536x1024.jpg 1536w, https:\/\/www.biblioteka-sepolno.pl\/wp-content\/uploads\/2025\/12\/DSC_0109-2048x1365.jpg 2048w, https:\/\/www.biblioteka-sepolno.pl\/wp-content\/uploads\/2025\/12\/DSC_0109-18x12.jpg 18w\" sizes=\"auto, (max-width: 1024px) 100vw, 1024px\" \/><\/figure>\n\n\n\n<figure class=\"wp-block-image size-large\"><img loading=\"lazy\" decoding=\"async\" width=\"1024\" height=\"683\" data-id=\"18527\" src=\"https:\/\/www.biblioteka-sepolno.pl\/wp-content\/uploads\/2025\/12\/DSC_0111-1024x683.jpg\" alt=\"\" class=\"wp-image-18527\" srcset=\"https:\/\/www.biblioteka-sepolno.pl\/wp-content\/uploads\/2025\/12\/DSC_0111-1024x683.jpg 1024w, https:\/\/www.biblioteka-sepolno.pl\/wp-content\/uploads\/2025\/12\/DSC_0111-300x200.jpg 300w, https:\/\/www.biblioteka-sepolno.pl\/wp-content\/uploads\/2025\/12\/DSC_0111-768x512.jpg 768w, https:\/\/www.biblioteka-sepolno.pl\/wp-content\/uploads\/2025\/12\/DSC_0111-1536x1024.jpg 1536w, https:\/\/www.biblioteka-sepolno.pl\/wp-content\/uploads\/2025\/12\/DSC_0111-2048x1365.jpg 2048w, https:\/\/www.biblioteka-sepolno.pl\/wp-content\/uploads\/2025\/12\/DSC_0111-18x12.jpg 18w\" sizes=\"auto, (max-width: 1024px) 100vw, 1024px\" \/><\/figure>\n\n\n\n<figure class=\"wp-block-image size-large\"><img loading=\"lazy\" decoding=\"async\" width=\"1024\" height=\"683\" data-id=\"18530\" src=\"https:\/\/www.biblioteka-sepolno.pl\/wp-content\/uploads\/2025\/12\/DSC_0113-1024x683.jpg\" alt=\"\" class=\"wp-image-18530\" srcset=\"https:\/\/www.biblioteka-sepolno.pl\/wp-content\/uploads\/2025\/12\/DSC_0113-1024x683.jpg 1024w, https:\/\/www.biblioteka-sepolno.pl\/wp-content\/uploads\/2025\/12\/DSC_0113-300x200.jpg 300w, https:\/\/www.biblioteka-sepolno.pl\/wp-content\/uploads\/2025\/12\/DSC_0113-768x512.jpg 768w, https:\/\/www.biblioteka-sepolno.pl\/wp-content\/uploads\/2025\/12\/DSC_0113-1536x1024.jpg 1536w, https:\/\/www.biblioteka-sepolno.pl\/wp-content\/uploads\/2025\/12\/DSC_0113-2048x1365.jpg 2048w, https:\/\/www.biblioteka-sepolno.pl\/wp-content\/uploads\/2025\/12\/DSC_0113-18x12.jpg 18w\" sizes=\"auto, (max-width: 1024px) 100vw, 1024px\" \/><\/figure>\n<\/figure>","protected":false},"excerpt":{"rendered":"<p>Dzi\u015b w naszej bibliotece odby\u0142o si\u0119 wyj\u0105tkowe spotkanie skierowane do maturzyst\u00f3wz powiatu s\u0119pole\u0144skiego. Go\u015bcili\u015bmy Agnieszk\u0119 Giersz-Kawk\u0119, specjalistk\u0119 z Pracowni Literackiej \u2013 zajmuj\u0105cej si\u0119 rozwijaniem kompetencji j\u0119zykowych m\u0142odzie\u017cy, prowadzeniem warsztat\u00f3w literackich oraz profesjonalnym przygotowaniem do egzamin\u00f3w, w tym matury z j\u0119zyka polskiego. Warsztaty okaza\u0142y si\u0119 szczeg\u00f3lnie warto\u015bciowe dla uczni\u00f3w, kt\u00f3rzy niedawno przyst\u0105pili do pr\u00f3bnego egzaminu i <a href=\"https:\/\/www.biblioteka-sepolno.pl\/en\/news\/strategie-maturalne-z-jezyka-polskiego-z-agnieszka-giersz-kawka-z-pracowni-literackiej\" class=\"more-link\">&#8230;<span class=\"screen-reader-text\">  Strategie maturalne z j\u0119zyka polskiego z Agnieszk\u0105 Giersz-Kawk\u0105 z Pracowni Literackiej<\/span><\/a><\/p>","protected":false},"author":5,"featured_media":18532,"comment_status":"closed","ping_status":"closed","sticky":false,"template":"","format":"standard","meta":{"_acf_changed":false,"footnotes":""},"categories":[6],"tags":[],"class_list":["post-18517","post","type-post","status-publish","format-standard","has-post-thumbnail","hentry","category-news"],"acf":[],"_links":{"self":[{"href":"https:\/\/www.biblioteka-sepolno.pl\/en\/wp-json\/wp\/v2\/posts\/18517","targetHints":{"allow":["GET"]}}],"collection":[{"href":"https:\/\/www.biblioteka-sepolno.pl\/en\/wp-json\/wp\/v2\/posts"}],"about":[{"href":"https:\/\/www.biblioteka-sepolno.pl\/en\/wp-json\/wp\/v2\/types\/post"}],"author":[{"embeddable":true,"href":"https:\/\/www.biblioteka-sepolno.pl\/en\/wp-json\/wp\/v2\/users\/5"}],"replies":[{"embeddable":true,"href":"https:\/\/www.biblioteka-sepolno.pl\/en\/wp-json\/wp\/v2\/comments?post=18517"}],"version-history":[{"count":2,"href":"https:\/\/www.biblioteka-sepolno.pl\/en\/wp-json\/wp\/v2\/posts\/18517\/revisions"}],"predecessor-version":[{"id":18535,"href":"https:\/\/www.biblioteka-sepolno.pl\/en\/wp-json\/wp\/v2\/posts\/18517\/revisions\/18535"}],"wp:featuredmedia":[{"embeddable":true,"href":"https:\/\/www.biblioteka-sepolno.pl\/en\/wp-json\/wp\/v2\/media\/18532"}],"wp:attachment":[{"href":"https:\/\/www.biblioteka-sepolno.pl\/en\/wp-json\/wp\/v2\/media?parent=18517"}],"wp:term":[{"taxonomy":"category","embeddable":true,"href":"https:\/\/www.biblioteka-sepolno.pl\/en\/wp-json\/wp\/v2\/categories?post=18517"},{"taxonomy":"post_tag","embeddable":true,"href":"https:\/\/www.biblioteka-sepolno.pl\/en\/wp-json\/wp\/v2\/tags?post=18517"}],"curies":[{"name":"wp","href":"https:\/\/api.w.org\/{rel}","templated":true}]}}