{"id":18536,"date":"2025-12-05T08:55:12","date_gmt":"2025-12-05T07:55:12","guid":{"rendered":"https:\/\/www.biblioteka-sepolno.pl\/?p=18536"},"modified":"2025-12-05T09:18:12","modified_gmt":"2025-12-05T08:18:12","slug":"%f0%9f%93%a3-ogloszenie-wynikow-konkursu","status":"publish","type":"post","link":"https:\/\/www.biblioteka-sepolno.pl\/en\/news\/%f0%9f%93%a3-ogloszenie-wynikow-konkursu","title":{"rendered":"\ud83d\udce3 Og\u0142oszenie wynik\u00f3w konkursu!"},"content":{"rendered":"<p>Znamy zwyci\u0119zc\u00f3w naszego konkursu \u201e<strong><em>Biblioteczna kartka \u015bwi\u0105teczna\u201d<\/em><\/strong>!<\/p>\n\n\n\n<p>&nbsp;Po obejrzeniu wszystkich prac (a by\u0142o co ogl\u0105da\u0107!),&nbsp; Komisja nagrodzi\u0142a kartki nast\u0119puj\u0105cych os\u00f3b:<\/p>\n\n\n\n<p>\ud83e\udd47 <strong>I miejsce:<\/strong> Yelyzaveta Rek<br>\ud83e\udd48 <strong>II miejsce:<\/strong> Eryk Jankowski<br>\ud83e\udd49 <strong>III miejsce:<\/strong> Oliwia Dziarnowska<\/p>\n\n\n\n<p>\ud83e\udd49 <strong>Wyr\u00f3\u017cnienie<\/strong>: Natalia Klajbor<\/p>\n\n\n\n<p>Serdecznie gratulujemy laureatom! \ud83d\udc4f\ud83c\udf81<\/p>\n\n\n\n<p>Wielkie brawa dla wszystkich! \ud83d\udc4f \ud83d\udc4f<\/p>\n\n\n\n<p>Dzi\u0119kujemy, bo wida\u0107 ile pracy i zaanga\u017cowania w\u0142o\u017cyli\u015bcie w stworzenie tych poczt\u00f3wek. Patrzenie na nie by\u0142o, jak przegl\u0105danie ma\u0142ej galerii \u015bwi\u0105tecznej sztuki!<\/p>\n\n\n\n<p>Ale uwaga \u2014 to nie koniec! Wszystkie nades\u0142ane \u201ema\u0142e dzie\u0142a\u201d b\u0119dzie mo\u017cna obejrze\u0107 na <strong>wystawie ju\u017c od 9 grudnia w bibliotece.<\/strong><\/p>\n\n\n\n<figure class=\"wp-block-image size-large\"><img loading=\"lazy\" decoding=\"async\" width=\"1024\" height=\"620\" src=\"http:\/\/www.biblioteka-sepolno.pl\/wp-content\/uploads\/2025\/12\/laureaci-1024x620.jpg\" alt=\"\" class=\"wp-image-18537\" srcset=\"https:\/\/www.biblioteka-sepolno.pl\/wp-content\/uploads\/2025\/12\/laureaci-1024x620.jpg 1024w, https:\/\/www.biblioteka-sepolno.pl\/wp-content\/uploads\/2025\/12\/laureaci-300x182.jpg 300w, https:\/\/www.biblioteka-sepolno.pl\/wp-content\/uploads\/2025\/12\/laureaci-768x465.jpg 768w, https:\/\/www.biblioteka-sepolno.pl\/wp-content\/uploads\/2025\/12\/laureaci-1536x929.jpg 1536w, https:\/\/www.biblioteka-sepolno.pl\/wp-content\/uploads\/2025\/12\/laureaci-2048x1239.jpg 2048w, https:\/\/www.biblioteka-sepolno.pl\/wp-content\/uploads\/2025\/12\/laureaci-18x12.jpg 18w\" sizes=\"auto, (max-width: 1024px) 100vw, 1024px\" \/><\/figure>\n\n\n\n<figure class=\"wp-block-gallery has-nested-images columns-default is-cropped wp-block-gallery-1 is-layout-flex wp-block-gallery-is-layout-flex\">\n<figure class=\"wp-block-image size-large\"><img loading=\"lazy\" decoding=\"async\" width=\"1024\" height=\"452\" data-id=\"18543\" src=\"https:\/\/www.biblioteka-sepolno.pl\/wp-content\/uploads\/2025\/12\/nagrodzone-1024x452.jpg\" alt=\"\" class=\"wp-image-18543\" srcset=\"https:\/\/www.biblioteka-sepolno.pl\/wp-content\/uploads\/2025\/12\/nagrodzone-1024x452.jpg 1024w, https:\/\/www.biblioteka-sepolno.pl\/wp-content\/uploads\/2025\/12\/nagrodzone-300x133.jpg 300w, https:\/\/www.biblioteka-sepolno.pl\/wp-content\/uploads\/2025\/12\/nagrodzone-768x339.jpg 768w, https:\/\/www.biblioteka-sepolno.pl\/wp-content\/uploads\/2025\/12\/nagrodzone-1536x679.jpg 1536w, https:\/\/www.biblioteka-sepolno.pl\/wp-content\/uploads\/2025\/12\/nagrodzone-2048x905.jpg 2048w, https:\/\/www.biblioteka-sepolno.pl\/wp-content\/uploads\/2025\/12\/nagrodzone-18x8.jpg 18w\" sizes=\"auto, (max-width: 1024px) 100vw, 1024px\" \/><\/figure>\n<\/figure>","protected":false},"excerpt":{"rendered":"<p>Znamy zwyci\u0119zc\u00f3w naszego konkursu \u201eBiblioteczna kartka \u015bwi\u0105teczna\u201d! &nbsp;Po obejrzeniu wszystkich prac (a by\u0142o co ogl\u0105da\u0107!),&nbsp; Komisja nagrodzi\u0142a kartki nast\u0119puj\u0105cych os\u00f3b: \ud83e\udd47 I miejsce: Yelyzaveta Rek\ud83e\udd48 II miejsce: Eryk Jankowski\ud83e\udd49 III miejsce: Oliwia Dziarnowska \ud83e\udd49 Wyr\u00f3\u017cnienie: Natalia Klajbor Serdecznie gratulujemy laureatom! \ud83d\udc4f\ud83c\udf81 Wielkie brawa dla wszystkich! \ud83d\udc4f \ud83d\udc4f Dzi\u0119kujemy, bo wida\u0107 ile pracy i zaanga\u017cowania w\u0142o\u017cyli\u015bcie <a href=\"https:\/\/www.biblioteka-sepolno.pl\/en\/news\/%f0%9f%93%a3-ogloszenie-wynikow-konkursu\" class=\"more-link\">&#8230;<span class=\"screen-reader-text\">  \ud83d\udce3 Og\u0142oszenie wynik\u00f3w konkursu!<\/span><\/a><\/p>","protected":false},"author":5,"featured_media":18537,"comment_status":"closed","ping_status":"closed","sticky":false,"template":"","format":"standard","meta":{"_acf_changed":false,"footnotes":""},"categories":[6],"tags":[],"class_list":["post-18536","post","type-post","status-publish","format-standard","has-post-thumbnail","hentry","category-news"],"acf":[],"_links":{"self":[{"href":"https:\/\/www.biblioteka-sepolno.pl\/en\/wp-json\/wp\/v2\/posts\/18536","targetHints":{"allow":["GET"]}}],"collection":[{"href":"https:\/\/www.biblioteka-sepolno.pl\/en\/wp-json\/wp\/v2\/posts"}],"about":[{"href":"https:\/\/www.biblioteka-sepolno.pl\/en\/wp-json\/wp\/v2\/types\/post"}],"author":[{"embeddable":true,"href":"https:\/\/www.biblioteka-sepolno.pl\/en\/wp-json\/wp\/v2\/users\/5"}],"replies":[{"embeddable":true,"href":"https:\/\/www.biblioteka-sepolno.pl\/en\/wp-json\/wp\/v2\/comments?post=18536"}],"version-history":[{"count":4,"href":"https:\/\/www.biblioteka-sepolno.pl\/en\/wp-json\/wp\/v2\/posts\/18536\/revisions"}],"predecessor-version":[{"id":18544,"href":"https:\/\/www.biblioteka-sepolno.pl\/en\/wp-json\/wp\/v2\/posts\/18536\/revisions\/18544"}],"wp:featuredmedia":[{"embeddable":true,"href":"https:\/\/www.biblioteka-sepolno.pl\/en\/wp-json\/wp\/v2\/media\/18537"}],"wp:attachment":[{"href":"https:\/\/www.biblioteka-sepolno.pl\/en\/wp-json\/wp\/v2\/media?parent=18536"}],"wp:term":[{"taxonomy":"category","embeddable":true,"href":"https:\/\/www.biblioteka-sepolno.pl\/en\/wp-json\/wp\/v2\/categories?post=18536"},{"taxonomy":"post_tag","embeddable":true,"href":"https:\/\/www.biblioteka-sepolno.pl\/en\/wp-json\/wp\/v2\/tags?post=18536"}],"curies":[{"name":"wp","href":"https:\/\/api.w.org\/{rel}","templated":true}]}}