{"id":19009,"date":"2026-04-28T07:53:05","date_gmt":"2026-04-28T06:53:05","guid":{"rendered":"https:\/\/www.biblioteka-sepolno.pl\/?p=19009"},"modified":"2026-04-28T07:53:05","modified_gmt":"2026-04-28T06:53:05","slug":"kwietniowe-spotkanie-dyskusyjnego-klubu-ksiazki-dla-dzieci","status":"publish","type":"post","link":"https:\/\/www.biblioteka-sepolno.pl\/en\/news\/kwietniowe-spotkanie-dyskusyjnego-klubu-ksiazki-dla-dzieci","title":{"rendered":"Kwietniowe spotkanie Dyskusyjnego Klubu Ksi\u0105\u017cki dla dzieci"},"content":{"rendered":"<p>W poniedzia\u0142ek (27.04.2026 r.) odby\u0142o si\u0119 kolejne, kwietniowe spotkanie Dyskusyjnego Klubu Ksi\u0105\u017cki dla dzieci. Rozpocz\u0119li\u015bmy je w wyj\u0105tkowy spos\u00f3b \u2013 od serdecznego powitania Zuzi, kt\u00f3ra zaprezentowa\u0142a uczestnikom swoje autorskie ksi\u0105\u017cki. Cho\u0107 ma zaledwie 12 lat, ju\u017c teraz imponuje wyobra\u017ani\u0105 i pracowito\u015bci\u0105. Jej tw\u00f3rczo\u015b\u0107 skupia si\u0119 wok\u00f3\u0142 wielkiej pasji \u2013 koni \u2013 a same ksi\u0105\u017cki s\u0105 rozbudowane i pe\u0142ne ciekawych w\u0105tk\u00f3w, co wzbudzi\u0142o du\u017ce zainteresowanie i podziw w\u015br\u00f3d uczestnik\u00f3w spotkania.<\/p>\n\n\n\n<p>Nast\u0119pnie przeszli\u015bmy do g\u0142\u00f3wnego tematu zaj\u0119\u0107, kt\u00f3rym by\u0142y ba\u015bnie Hans Christian Andersen. Nie ograniczali\u015bmy si\u0119 jedynie do najbardziej znanych utwor\u00f3w, takich jak \u201eBrzydkie kacz\u0105tko\u201d czy \u201eDziewczynka z zapa\u0142kami\u201d, ale si\u0119gn\u0119li\u015bmy tak\u017ce po mniej oczywiste historie, m.in. \u201eDzielny o\u0142owiany \u017co\u0142nierzyk\u201d, \u201eS\u0142owik\u201d oraz \u201e\u015awiniopas\u201d.<\/p>\n\n\n\n<p>Ba\u015bnie Andersena s\u0105 ponadczasowe i wyj\u0105tkowe z wielu powod\u00f3w. Przede wszystkim poruszaj\u0105 uniwersalne tematy, kt\u00f3re pozostaj\u0105 aktualne niezale\u017cnie od epoki \u2013 takie jak dobro i z\u0142o, samotno\u015b\u0107, odrzucenie, mi\u0142o\u015b\u0107, po\u015bwi\u0119cenie czy pragnienie akceptacji. Dzi\u0119ki temu zar\u00f3wno dzieci, jak i doro\u015bli mog\u0105 odnale\u017a\u0107 w nich co\u015b bliskiego sobie. Andersen nie tworzy\u0142 jedynie prostych historii dla najm\u0142odszych \u2013 jego ba\u015bnie cz\u0119sto maj\u0105 g\u0142\u0119bszy, refleksyjny wyd\u017awi\u0119k, sk\u0142aniaj\u0105 do przemy\u015ble\u0144<br>&nbsp;i ucz\u0105 empatii. Bohaterowie jego utwor\u00f3w nie s\u0105 idealni, a ich losy nierzadko bywaj\u0105 trudne czy wr\u0119cz smutne, co czyni te opowie\u015bci bardziej prawdziwymi i poruszaj\u0105cymi.<\/p>\n\n\n\n<p>Kolejnym elementem, kt\u00f3ry sprawia, \u017ce ba\u015bnie Andersena s\u0105 tak wyj\u0105tkowe, jest ich niezwyk\u0142a atmosfera \u2013 pe\u0142na magii, ale jednocze\u015bnie zakorzeniona w ludzkich emocjach. Autor potrafi\u0142 nada\u0107 \u017cycie przedmiotom codziennego u\u017cytku czy zwierz\u0119tom, czyni\u0105c z nich bohater\u00f3w pe\u0142nych uczu\u0107<br>&nbsp;i prze\u017cy\u0107. Dzi\u0119ki temu m\u0142odzi czytelnicy ucz\u0105 si\u0119 patrze\u0107 na \u015bwiat z wi\u0119ksz\u0105 wra\u017cliwo\u015bci\u0105<br>&nbsp;i wyobra\u017ani\u0105.<\/p>\n\n\n\n<p>Podczas zaj\u0119\u0107 dzieci aktywnie uczestniczy\u0142y w spotkaniu \u2013 naprzemiennie opowiada\u0142y, co zapami\u0119ta\u0142y z przeczytanych fragment\u00f3w ba\u015bni, dziel\u0105c si\u0119 swoimi spostrze\u017ceniami i emocjami. Nast\u0119pnie wzi\u0119\u0142y udzia\u0142 w dru\u017cynowym \u201ebieganym quizie\u201d, kt\u00f3ry dostarczy\u0142 wiele rado\u015bci i zdrowej rywalizacji. Na zako\u0144czenie spotkania uczestnicy wsp\u00f3lnie uk\u0142adali du\u017ce puzzle nawi\u0105zuj\u0105ce do ba\u015bni zwi\u0105zanych z S\u0119p\u00f3lnem Kraje\u0144skim, co by\u0142o \u015bwietnym podsumowaniem zaj\u0119\u0107 i okazj\u0105 do wsp\u00f3\u0142pracy.<\/p>\n\n\n\n<p>Spotkanie przebieg\u0142o w bardzo mi\u0142ej i tw\u00f3rczej atmosferze, a uczestnicy nie tylko pog\u0142\u0119bili swoj\u0105 znajomo\u015b\u0107 literatury, ale tak\u017ce \u015bwietnie si\u0119 bawili.<\/p>\n\n\n\n<figure class=\"wp-block-gallery has-nested-images columns-default is-cropped wp-block-gallery-1 is-layout-flex wp-block-gallery-is-layout-flex\">\n<figure class=\"wp-block-image size-large\"><img loading=\"lazy\" decoding=\"async\" width=\"768\" height=\"1024\" data-id=\"19010\" src=\"https:\/\/www.biblioteka-sepolno.pl\/wp-content\/uploads\/2026\/04\/1-1-768x1024.jpg\" alt=\"\" class=\"wp-image-19010\" srcset=\"https:\/\/www.biblioteka-sepolno.pl\/wp-content\/uploads\/2026\/04\/1-1-768x1024.jpg 768w, https:\/\/www.biblioteka-sepolno.pl\/wp-content\/uploads\/2026\/04\/1-1-225x300.jpg 225w, https:\/\/www.biblioteka-sepolno.pl\/wp-content\/uploads\/2026\/04\/1-1-1152x1536.jpg 1152w, https:\/\/www.biblioteka-sepolno.pl\/wp-content\/uploads\/2026\/04\/1-1-9x12.jpg 9w, https:\/\/www.biblioteka-sepolno.pl\/wp-content\/uploads\/2026\/04\/1-1.jpg 1536w\" sizes=\"auto, (max-width: 768px) 100vw, 768px\" \/><\/figure>\n\n\n\n<figure class=\"wp-block-image size-large\"><img loading=\"lazy\" decoding=\"async\" width=\"1024\" height=\"768\" data-id=\"19011\" src=\"https:\/\/www.biblioteka-sepolno.pl\/wp-content\/uploads\/2026\/04\/2-1-1024x768.jpg\" alt=\"\" class=\"wp-image-19011\" srcset=\"https:\/\/www.biblioteka-sepolno.pl\/wp-content\/uploads\/2026\/04\/2-1-1024x768.jpg 1024w, https:\/\/www.biblioteka-sepolno.pl\/wp-content\/uploads\/2026\/04\/2-1-300x225.jpg 300w, https:\/\/www.biblioteka-sepolno.pl\/wp-content\/uploads\/2026\/04\/2-1-768x576.jpg 768w, https:\/\/www.biblioteka-sepolno.pl\/wp-content\/uploads\/2026\/04\/2-1-1536x1152.jpg 1536w, https:\/\/www.biblioteka-sepolno.pl\/wp-content\/uploads\/2026\/04\/2-1-16x12.jpg 16w, https:\/\/www.biblioteka-sepolno.pl\/wp-content\/uploads\/2026\/04\/2-1.jpg 2048w\" sizes=\"auto, (max-width: 1024px) 100vw, 1024px\" \/><\/figure>\n\n\n\n<figure class=\"wp-block-image size-large\"><img loading=\"lazy\" decoding=\"async\" width=\"1024\" height=\"768\" data-id=\"19013\" src=\"https:\/\/www.biblioteka-sepolno.pl\/wp-content\/uploads\/2026\/04\/3-1-1024x768.jpg\" alt=\"\" class=\"wp-image-19013\" srcset=\"https:\/\/www.biblioteka-sepolno.pl\/wp-content\/uploads\/2026\/04\/3-1-1024x768.jpg 1024w, https:\/\/www.biblioteka-sepolno.pl\/wp-content\/uploads\/2026\/04\/3-1-300x225.jpg 300w, https:\/\/www.biblioteka-sepolno.pl\/wp-content\/uploads\/2026\/04\/3-1-768x576.jpg 768w, https:\/\/www.biblioteka-sepolno.pl\/wp-content\/uploads\/2026\/04\/3-1-1536x1152.jpg 1536w, https:\/\/www.biblioteka-sepolno.pl\/wp-content\/uploads\/2026\/04\/3-1-16x12.jpg 16w, https:\/\/www.biblioteka-sepolno.pl\/wp-content\/uploads\/2026\/04\/3-1.jpg 2048w\" sizes=\"auto, (max-width: 1024px) 100vw, 1024px\" \/><\/figure>\n\n\n\n<figure class=\"wp-block-image size-large\"><img loading=\"lazy\" decoding=\"async\" width=\"768\" height=\"1024\" data-id=\"19012\" src=\"https:\/\/www.biblioteka-sepolno.pl\/wp-content\/uploads\/2026\/04\/A1sNI9lr-768x1024.jpg\" alt=\"\" class=\"wp-image-19012\" srcset=\"https:\/\/www.biblioteka-sepolno.pl\/wp-content\/uploads\/2026\/04\/A1sNI9lr-768x1024.jpg 768w, https:\/\/www.biblioteka-sepolno.pl\/wp-content\/uploads\/2026\/04\/A1sNI9lr-225x300.jpg 225w, https:\/\/www.biblioteka-sepolno.pl\/wp-content\/uploads\/2026\/04\/A1sNI9lr-1152x1536.jpg 1152w, https:\/\/www.biblioteka-sepolno.pl\/wp-content\/uploads\/2026\/04\/A1sNI9lr-9x12.jpg 9w, https:\/\/www.biblioteka-sepolno.pl\/wp-content\/uploads\/2026\/04\/A1sNI9lr.jpg 1536w\" sizes=\"auto, (max-width: 768px) 100vw, 768px\" \/><\/figure>\n\n\n\n<figure class=\"wp-block-image size-large\"><img loading=\"lazy\" decoding=\"async\" width=\"768\" height=\"1024\" data-id=\"19014\" src=\"https:\/\/www.biblioteka-sepolno.pl\/wp-content\/uploads\/2026\/04\/DYg-X6CS-768x1024.jpg\" alt=\"\" class=\"wp-image-19014\" srcset=\"https:\/\/www.biblioteka-sepolno.pl\/wp-content\/uploads\/2026\/04\/DYg-X6CS-768x1024.jpg 768w, https:\/\/www.biblioteka-sepolno.pl\/wp-content\/uploads\/2026\/04\/DYg-X6CS-225x300.jpg 225w, https:\/\/www.biblioteka-sepolno.pl\/wp-content\/uploads\/2026\/04\/DYg-X6CS-1152x1536.jpg 1152w, https:\/\/www.biblioteka-sepolno.pl\/wp-content\/uploads\/2026\/04\/DYg-X6CS-9x12.jpg 9w, https:\/\/www.biblioteka-sepolno.pl\/wp-content\/uploads\/2026\/04\/DYg-X6CS.jpg 1536w\" sizes=\"auto, (max-width: 768px) 100vw, 768px\" \/><\/figure>\n\n\n\n<figure class=\"wp-block-image size-large\"><img loading=\"lazy\" decoding=\"async\" width=\"1024\" height=\"768\" data-id=\"19015\" src=\"https:\/\/www.biblioteka-sepolno.pl\/wp-content\/uploads\/2026\/04\/EKhVmvuG-1024x768.jpg\" alt=\"\" class=\"wp-image-19015\" srcset=\"https:\/\/www.biblioteka-sepolno.pl\/wp-content\/uploads\/2026\/04\/EKhVmvuG-1024x768.jpg 1024w, https:\/\/www.biblioteka-sepolno.pl\/wp-content\/uploads\/2026\/04\/EKhVmvuG-300x225.jpg 300w, https:\/\/www.biblioteka-sepolno.pl\/wp-content\/uploads\/2026\/04\/EKhVmvuG-768x576.jpg 768w, https:\/\/www.biblioteka-sepolno.pl\/wp-content\/uploads\/2026\/04\/EKhVmvuG-1536x1152.jpg 1536w, https:\/\/www.biblioteka-sepolno.pl\/wp-content\/uploads\/2026\/04\/EKhVmvuG-16x12.jpg 16w, https:\/\/www.biblioteka-sepolno.pl\/wp-content\/uploads\/2026\/04\/EKhVmvuG.jpg 2048w\" sizes=\"auto, (max-width: 1024px) 100vw, 1024px\" \/><\/figure>\n\n\n\n<figure class=\"wp-block-image size-large\"><img loading=\"lazy\" decoding=\"async\" width=\"768\" height=\"1024\" data-id=\"19016\" src=\"https:\/\/www.biblioteka-sepolno.pl\/wp-content\/uploads\/2026\/04\/Isfte-KN-768x1024.jpg\" alt=\"\" class=\"wp-image-19016\" srcset=\"https:\/\/www.biblioteka-sepolno.pl\/wp-content\/uploads\/2026\/04\/Isfte-KN-768x1024.jpg 768w, https:\/\/www.biblioteka-sepolno.pl\/wp-content\/uploads\/2026\/04\/Isfte-KN-225x300.jpg 225w, https:\/\/www.biblioteka-sepolno.pl\/wp-content\/uploads\/2026\/04\/Isfte-KN-1152x1536.jpg 1152w, https:\/\/www.biblioteka-sepolno.pl\/wp-content\/uploads\/2026\/04\/Isfte-KN-9x12.jpg 9w, https:\/\/www.biblioteka-sepolno.pl\/wp-content\/uploads\/2026\/04\/Isfte-KN.jpg 1536w\" sizes=\"auto, (max-width: 768px) 100vw, 768px\" \/><\/figure>\n\n\n\n<figure class=\"wp-block-image size-large\"><img loading=\"lazy\" decoding=\"async\" width=\"768\" height=\"1024\" data-id=\"19017\" src=\"https:\/\/www.biblioteka-sepolno.pl\/wp-content\/uploads\/2026\/04\/jKiQPs3h-768x1024.jpg\" alt=\"\" class=\"wp-image-19017\" srcset=\"https:\/\/www.biblioteka-sepolno.pl\/wp-content\/uploads\/2026\/04\/jKiQPs3h-768x1024.jpg 768w, https:\/\/www.biblioteka-sepolno.pl\/wp-content\/uploads\/2026\/04\/jKiQPs3h-225x300.jpg 225w, https:\/\/www.biblioteka-sepolno.pl\/wp-content\/uploads\/2026\/04\/jKiQPs3h-1152x1536.jpg 1152w, https:\/\/www.biblioteka-sepolno.pl\/wp-content\/uploads\/2026\/04\/jKiQPs3h-9x12.jpg 9w, https:\/\/www.biblioteka-sepolno.pl\/wp-content\/uploads\/2026\/04\/jKiQPs3h.jpg 1536w\" sizes=\"auto, (max-width: 768px) 100vw, 768px\" \/><\/figure>\n\n\n\n<figure class=\"wp-block-image size-large\"><img loading=\"lazy\" decoding=\"async\" width=\"768\" height=\"1024\" data-id=\"19018\" src=\"https:\/\/www.biblioteka-sepolno.pl\/wp-content\/uploads\/2026\/04\/kuKde4Uq-768x1024.jpg\" alt=\"\" class=\"wp-image-19018\" srcset=\"https:\/\/www.biblioteka-sepolno.pl\/wp-content\/uploads\/2026\/04\/kuKde4Uq-768x1024.jpg 768w, https:\/\/www.biblioteka-sepolno.pl\/wp-content\/uploads\/2026\/04\/kuKde4Uq-225x300.jpg 225w, https:\/\/www.biblioteka-sepolno.pl\/wp-content\/uploads\/2026\/04\/kuKde4Uq-1152x1536.jpg 1152w, https:\/\/www.biblioteka-sepolno.pl\/wp-content\/uploads\/2026\/04\/kuKde4Uq-9x12.jpg 9w, https:\/\/www.biblioteka-sepolno.pl\/wp-content\/uploads\/2026\/04\/kuKde4Uq.jpg 1536w\" sizes=\"auto, (max-width: 768px) 100vw, 768px\" \/><\/figure>\n\n\n\n<figure class=\"wp-block-image size-large\"><img loading=\"lazy\" decoding=\"async\" width=\"1024\" height=\"768\" data-id=\"19019\" src=\"https:\/\/www.biblioteka-sepolno.pl\/wp-content\/uploads\/2026\/04\/q-N9-Lz--1024x768.jpg\" alt=\"\" class=\"wp-image-19019\" srcset=\"https:\/\/www.biblioteka-sepolno.pl\/wp-content\/uploads\/2026\/04\/q-N9-Lz--1024x768.jpg 1024w, https:\/\/www.biblioteka-sepolno.pl\/wp-content\/uploads\/2026\/04\/q-N9-Lz--300x225.jpg 300w, https:\/\/www.biblioteka-sepolno.pl\/wp-content\/uploads\/2026\/04\/q-N9-Lz--768x576.jpg 768w, https:\/\/www.biblioteka-sepolno.pl\/wp-content\/uploads\/2026\/04\/q-N9-Lz--1536x1152.jpg 1536w, https:\/\/www.biblioteka-sepolno.pl\/wp-content\/uploads\/2026\/04\/q-N9-Lz--16x12.jpg 16w, https:\/\/www.biblioteka-sepolno.pl\/wp-content\/uploads\/2026\/04\/q-N9-Lz-.jpg 2048w\" sizes=\"auto, (max-width: 1024px) 100vw, 1024px\" \/><\/figure>\n\n\n\n<figure class=\"wp-block-image size-large\"><img loading=\"lazy\" decoding=\"async\" width=\"768\" height=\"1024\" data-id=\"19020\" src=\"https:\/\/www.biblioteka-sepolno.pl\/wp-content\/uploads\/2026\/04\/ULa0J_tA-768x1024.jpg\" alt=\"\" class=\"wp-image-19020\" srcset=\"https:\/\/www.biblioteka-sepolno.pl\/wp-content\/uploads\/2026\/04\/ULa0J_tA-768x1024.jpg 768w, https:\/\/www.biblioteka-sepolno.pl\/wp-content\/uploads\/2026\/04\/ULa0J_tA-225x300.jpg 225w, https:\/\/www.biblioteka-sepolno.pl\/wp-content\/uploads\/2026\/04\/ULa0J_tA-1152x1536.jpg 1152w, https:\/\/www.biblioteka-sepolno.pl\/wp-content\/uploads\/2026\/04\/ULa0J_tA-9x12.jpg 9w, https:\/\/www.biblioteka-sepolno.pl\/wp-content\/uploads\/2026\/04\/ULa0J_tA.jpg 1536w\" sizes=\"auto, (max-width: 768px) 100vw, 768px\" \/><\/figure>\n\n\n\n<figure class=\"wp-block-image size-large\"><img loading=\"lazy\" decoding=\"async\" width=\"1024\" height=\"768\" data-id=\"19021\" src=\"https:\/\/www.biblioteka-sepolno.pl\/wp-content\/uploads\/2026\/04\/Uql3vfOq-1024x768.jpg\" alt=\"\" class=\"wp-image-19021\" srcset=\"https:\/\/www.biblioteka-sepolno.pl\/wp-content\/uploads\/2026\/04\/Uql3vfOq-1024x768.jpg 1024w, https:\/\/www.biblioteka-sepolno.pl\/wp-content\/uploads\/2026\/04\/Uql3vfOq-300x225.jpg 300w, https:\/\/www.biblioteka-sepolno.pl\/wp-content\/uploads\/2026\/04\/Uql3vfOq-768x576.jpg 768w, https:\/\/www.biblioteka-sepolno.pl\/wp-content\/uploads\/2026\/04\/Uql3vfOq-1536x1152.jpg 1536w, https:\/\/www.biblioteka-sepolno.pl\/wp-content\/uploads\/2026\/04\/Uql3vfOq-16x12.jpg 16w, https:\/\/www.biblioteka-sepolno.pl\/wp-content\/uploads\/2026\/04\/Uql3vfOq.jpg 2048w\" sizes=\"auto, (max-width: 1024px) 100vw, 1024px\" \/><\/figure>\n\n\n\n<figure class=\"wp-block-image size-large\"><img loading=\"lazy\" decoding=\"async\" width=\"1024\" height=\"768\" data-id=\"19022\" src=\"https:\/\/www.biblioteka-sepolno.pl\/wp-content\/uploads\/2026\/04\/XhHSd8A0-1024x768.jpg\" alt=\"\" class=\"wp-image-19022\" srcset=\"https:\/\/www.biblioteka-sepolno.pl\/wp-content\/uploads\/2026\/04\/XhHSd8A0-1024x768.jpg 1024w, https:\/\/www.biblioteka-sepolno.pl\/wp-content\/uploads\/2026\/04\/XhHSd8A0-300x225.jpg 300w, https:\/\/www.biblioteka-sepolno.pl\/wp-content\/uploads\/2026\/04\/XhHSd8A0-768x576.jpg 768w, https:\/\/www.biblioteka-sepolno.pl\/wp-content\/uploads\/2026\/04\/XhHSd8A0-1536x1152.jpg 1536w, https:\/\/www.biblioteka-sepolno.pl\/wp-content\/uploads\/2026\/04\/XhHSd8A0-16x12.jpg 16w, https:\/\/www.biblioteka-sepolno.pl\/wp-content\/uploads\/2026\/04\/XhHSd8A0.jpg 2048w\" sizes=\"auto, (max-width: 1024px) 100vw, 1024px\" \/><\/figure>\n\n\n\n<figure class=\"wp-block-image size-large\"><img loading=\"lazy\" decoding=\"async\" width=\"768\" height=\"1024\" data-id=\"19023\" src=\"https:\/\/www.biblioteka-sepolno.pl\/wp-content\/uploads\/2026\/04\/Z4uudzxV-768x1024.jpg\" alt=\"\" class=\"wp-image-19023\" srcset=\"https:\/\/www.biblioteka-sepolno.pl\/wp-content\/uploads\/2026\/04\/Z4uudzxV-768x1024.jpg 768w, https:\/\/www.biblioteka-sepolno.pl\/wp-content\/uploads\/2026\/04\/Z4uudzxV-225x300.jpg 225w, https:\/\/www.biblioteka-sepolno.pl\/wp-content\/uploads\/2026\/04\/Z4uudzxV-1152x1536.jpg 1152w, https:\/\/www.biblioteka-sepolno.pl\/wp-content\/uploads\/2026\/04\/Z4uudzxV-9x12.jpg 9w, https:\/\/www.biblioteka-sepolno.pl\/wp-content\/uploads\/2026\/04\/Z4uudzxV.jpg 1536w\" sizes=\"auto, (max-width: 768px) 100vw, 768px\" \/><\/figure>\n<\/figure>","protected":false},"excerpt":{"rendered":"<p>W poniedzia\u0142ek (27.04.2026 r.) odby\u0142o si\u0119 kolejne, kwietniowe spotkanie Dyskusyjnego Klubu Ksi\u0105\u017cki dla dzieci. Rozpocz\u0119li\u015bmy je w wyj\u0105tkowy spos\u00f3b \u2013 od serdecznego powitania Zuzi, kt\u00f3ra zaprezentowa\u0142a uczestnikom swoje autorskie ksi\u0105\u017cki. Cho\u0107 ma zaledwie 12 lat, ju\u017c teraz imponuje wyobra\u017ani\u0105 i pracowito\u015bci\u0105. Jej tw\u00f3rczo\u015b\u0107 skupia si\u0119 wok\u00f3\u0142 wielkiej pasji \u2013 koni \u2013 a same ksi\u0105\u017cki s\u0105 <a href=\"https:\/\/www.biblioteka-sepolno.pl\/en\/news\/kwietniowe-spotkanie-dyskusyjnego-klubu-ksiazki-dla-dzieci\" class=\"more-link\">&#8230;<span class=\"screen-reader-text\">  Kwietniowe spotkanie Dyskusyjnego Klubu Ksi\u0105\u017cki dla dzieci<\/span><\/a><\/p>","protected":false},"author":5,"featured_media":19024,"comment_status":"closed","ping_status":"closed","sticky":false,"template":"","format":"standard","meta":{"_acf_changed":false,"footnotes":""},"categories":[6],"tags":[],"class_list":["post-19009","post","type-post","status-publish","format-standard","has-post-thumbnail","hentry","category-news"],"acf":[],"_links":{"self":[{"href":"https:\/\/www.biblioteka-sepolno.pl\/en\/wp-json\/wp\/v2\/posts\/19009","targetHints":{"allow":["GET"]}}],"collection":[{"href":"https:\/\/www.biblioteka-sepolno.pl\/en\/wp-json\/wp\/v2\/posts"}],"about":[{"href":"https:\/\/www.biblioteka-sepolno.pl\/en\/wp-json\/wp\/v2\/types\/post"}],"author":[{"embeddable":true,"href":"https:\/\/www.biblioteka-sepolno.pl\/en\/wp-json\/wp\/v2\/users\/5"}],"replies":[{"embeddable":true,"href":"https:\/\/www.biblioteka-sepolno.pl\/en\/wp-json\/wp\/v2\/comments?post=19009"}],"version-history":[{"count":1,"href":"https:\/\/www.biblioteka-sepolno.pl\/en\/wp-json\/wp\/v2\/posts\/19009\/revisions"}],"predecessor-version":[{"id":19025,"href":"https:\/\/www.biblioteka-sepolno.pl\/en\/wp-json\/wp\/v2\/posts\/19009\/revisions\/19025"}],"wp:featuredmedia":[{"embeddable":true,"href":"https:\/\/www.biblioteka-sepolno.pl\/en\/wp-json\/wp\/v2\/media\/19024"}],"wp:attachment":[{"href":"https:\/\/www.biblioteka-sepolno.pl\/en\/wp-json\/wp\/v2\/media?parent=19009"}],"wp:term":[{"taxonomy":"category","embeddable":true,"href":"https:\/\/www.biblioteka-sepolno.pl\/en\/wp-json\/wp\/v2\/categories?post=19009"},{"taxonomy":"post_tag","embeddable":true,"href":"https:\/\/www.biblioteka-sepolno.pl\/en\/wp-json\/wp\/v2\/tags?post=19009"}],"curies":[{"name":"wp","href":"https:\/\/api.w.org\/{rel}","templated":true}]}}