{"id":19047,"date":"2026-04-29T08:01:59","date_gmt":"2026-04-29T07:01:59","guid":{"rendered":"https:\/\/www.biblioteka-sepolno.pl\/?p=19047"},"modified":"2026-04-29T08:47:30","modified_gmt":"2026-04-29T07:47:30","slug":"19047","status":"publish","type":"post","link":"https:\/\/www.biblioteka-sepolno.pl\/en\/news\/19047","title":{"rendered":"Warsztaty plastyczne o ba\u015bniowym \u015bwiecie"},"content":{"rendered":"<p>\u2728 Zapraszamy dzieci na wyj\u0105tkowe warsztaty plastyczne inspirowane \u015bwiatem ba\u015bni! \u2728<\/p>\n\n\n\n<p>Stowarzyszenie Trzecie Miejsce zaprasza najm\u0142odszych do wsp\u00f3lnej, tw\u00f3rczej przygody pe\u0142nej magii, wyobra\u017ani i kolor\u00f3w. Podczas zaj\u0119\u0107 dzieci wys\u0142uchaj\u0105 fragment\u00f3w ba\u015bni, a nast\u0119pnie stworz\u0105 w\u0142asne prace plastyczne \u2013 zamki, niezwyk\u0142e postacie i magiczne sceny.<\/p>\n\n\n\n<p>\ud83c\udfa8 To doskona\u0142a okazja do rozwijania kreatywno\u015bci i dobrej zabawy!<\/p>\n\n\n\n<p>Do zobaczenia! \ud83d\udcab<\/p>\n\n\n\n<p>Start 30.04.2026, godzina 8:20<\/p>\n\n\n\n<p>Zaj\u0119cia realizowane s\u0105 w ramach projektu \u201eBa\u015bniowe S\u0119p\u00f3lno\u201d finansowanego ze \u015brodk\u00f3w Gminy S\u0119p\u00f3lno Kraje\u0144skie, realizowanego przez Stowarzyszenie Trzecie Miejsce we wsp\u00f3\u0142pracy z Bibliotek\u0105 Publiczn\u0105 im. Jaros\u0142awa Iwaszkiewicza w S\u0119p\u00f3lnie Kraje\u0144skim.<\/p>\n\n\n\n<figure class=\"wp-block-image size-large\"><img loading=\"lazy\" decoding=\"async\" width=\"723\" height=\"1024\" src=\"https:\/\/www.biblioteka-sepolno.pl\/wp-content\/uploads\/2026\/04\/ChatGPT-Image-29-kwi-2026-08_25_52-723x1024.png\" alt=\"\" class=\"wp-image-19048\" srcset=\"https:\/\/www.biblioteka-sepolno.pl\/wp-content\/uploads\/2026\/04\/ChatGPT-Image-29-kwi-2026-08_25_52-723x1024.png 723w, https:\/\/www.biblioteka-sepolno.pl\/wp-content\/uploads\/2026\/04\/ChatGPT-Image-29-kwi-2026-08_25_52-212x300.png 212w, https:\/\/www.biblioteka-sepolno.pl\/wp-content\/uploads\/2026\/04\/ChatGPT-Image-29-kwi-2026-08_25_52-768x1087.png 768w, https:\/\/www.biblioteka-sepolno.pl\/wp-content\/uploads\/2026\/04\/ChatGPT-Image-29-kwi-2026-08_25_52-8x12.png 8w, https:\/\/www.biblioteka-sepolno.pl\/wp-content\/uploads\/2026\/04\/ChatGPT-Image-29-kwi-2026-08_25_52.png 1054w\" sizes=\"auto, (max-width: 723px) 100vw, 723px\" \/><\/figure>","protected":false},"excerpt":{"rendered":"<p>\u2728 Zapraszamy dzieci na wyj\u0105tkowe warsztaty plastyczne inspirowane \u015bwiatem ba\u015bni! \u2728 Stowarzyszenie Trzecie Miejsce zaprasza najm\u0142odszych do wsp\u00f3lnej, tw\u00f3rczej przygody pe\u0142nej magii, wyobra\u017ani i kolor\u00f3w. Podczas zaj\u0119\u0107 dzieci wys\u0142uchaj\u0105 fragment\u00f3w ba\u015bni, a nast\u0119pnie stworz\u0105 w\u0142asne prace plastyczne \u2013 zamki, niezwyk\u0142e postacie i magiczne sceny. \ud83c\udfa8 To doskona\u0142a okazja do rozwijania kreatywno\u015bci i dobrej zabawy! Do <a href=\"https:\/\/www.biblioteka-sepolno.pl\/en\/news\/19047\" class=\"more-link\">&#8230;<span class=\"screen-reader-text\">  Warsztaty plastyczne o ba\u015bniowym \u015bwiecie<\/span><\/a><\/p>","protected":false},"author":5,"featured_media":19049,"comment_status":"closed","ping_status":"closed","sticky":false,"template":"","format":"standard","meta":{"_acf_changed":false,"footnotes":""},"categories":[6],"tags":[],"class_list":["post-19047","post","type-post","status-publish","format-standard","has-post-thumbnail","hentry","category-news"],"acf":[],"_links":{"self":[{"href":"https:\/\/www.biblioteka-sepolno.pl\/en\/wp-json\/wp\/v2\/posts\/19047","targetHints":{"allow":["GET"]}}],"collection":[{"href":"https:\/\/www.biblioteka-sepolno.pl\/en\/wp-json\/wp\/v2\/posts"}],"about":[{"href":"https:\/\/www.biblioteka-sepolno.pl\/en\/wp-json\/wp\/v2\/types\/post"}],"author":[{"embeddable":true,"href":"https:\/\/www.biblioteka-sepolno.pl\/en\/wp-json\/wp\/v2\/users\/5"}],"replies":[{"embeddable":true,"href":"https:\/\/www.biblioteka-sepolno.pl\/en\/wp-json\/wp\/v2\/comments?post=19047"}],"version-history":[{"count":2,"href":"https:\/\/www.biblioteka-sepolno.pl\/en\/wp-json\/wp\/v2\/posts\/19047\/revisions"}],"predecessor-version":[{"id":19051,"href":"https:\/\/www.biblioteka-sepolno.pl\/en\/wp-json\/wp\/v2\/posts\/19047\/revisions\/19051"}],"wp:featuredmedia":[{"embeddable":true,"href":"https:\/\/www.biblioteka-sepolno.pl\/en\/wp-json\/wp\/v2\/media\/19049"}],"wp:attachment":[{"href":"https:\/\/www.biblioteka-sepolno.pl\/en\/wp-json\/wp\/v2\/media?parent=19047"}],"wp:term":[{"taxonomy":"category","embeddable":true,"href":"https:\/\/www.biblioteka-sepolno.pl\/en\/wp-json\/wp\/v2\/categories?post=19047"},{"taxonomy":"post_tag","embeddable":true,"href":"https:\/\/www.biblioteka-sepolno.pl\/en\/wp-json\/wp\/v2\/tags?post=19047"}],"curies":[{"name":"wp","href":"https:\/\/api.w.org\/{rel}","templated":true}]}}